{"id":8740,"date":"2022-06-24T17:09:22","date_gmt":"2022-06-24T17:09:22","guid":{"rendered":"http:\/\/lahora.mx\/?p=8740"},"modified":"2022-06-24T17:09:23","modified_gmt":"2022-06-24T17:09:23","slug":"hoy-o-manana-dan-fechas-para-vacunar-a-los-de-5-a-11-anos","status":"publish","type":"post","link":"https:\/\/lahora.mx\/index.php\/2022\/06\/24\/hoy-o-manana-dan-fechas-para-vacunar-a-los-de-5-a-11-anos\/","title":{"rendered":"Hoy o ma\u00f1ana dan fechas para vacunar a los de 5 a 11 a\u00f1os"},"content":{"rendered":"\n<p>El secretario de Salud estatal, Jos\u00e9 Antonio Mart\u00ednez Garc\u00eda, pidi\u00f3 a los poblanos estar al pendiente porque este viernes o el s\u00e1bado 25 de junio se dar\u00e1 a conocer la log\u00edstica para la vacunaci\u00f3n anticovid para los de 5 a 11 a\u00f1os.<\/p>\n\n\n\n<p>En rueda de prensa matutina, dijo que la tarde de este viernes podr\u00eda darse a conocer los puntos donde se aplicar\u00e1 el biol\u00f3gico, pues este d\u00eda se acudir\u00e1 a la Ciudad de M\u00e9xico para su recolecci\u00f3n y traslado a Puebla.<\/p>\n\n\n\n<p>Por lo anterior, pidi\u00f3 a padres de familia y tutores de ni\u00f1os y ni\u00f1as de 5 a 11 a\u00f1os estar atentos en redes sociales para cuando salga la log\u00edstica.<br>Por otra parte, el funcionario estatal indic\u00f3 que para este viernes se sumaron 251 nuevos contagios de covid-19, adem\u00e1s de que van mil 573 casos activos distribuidos en 48 municipios.<\/p>\n\n\n\n<p>Mart\u00ednez Garc\u00eda se\u00f1al\u00f3 que Puebla suma otro d\u00eda m\u00e1s sin defunciones por covid-19, aunque aumentaron los hospitalizados hasta 19, de los cuales uno requiere ventilaci\u00f3n mec\u00e1nica asistida.<\/p>\n\n\n\n<p>Sobre el tema, inform\u00f3 que \u00fanicamente son internados cuando la saturaci\u00f3n de ox\u00edgeno es menor al 90 por ciento y se presentan comorbilidades, pero \u00fanicamente para mantener al paciente en vigilancia, pues en la mayor\u00eda de casos estos no est\u00e1n graves.<br>Asimismo, refiri\u00f3 que cuando una persona se infecta de covid-19 al principio siente dolor de cabeza, luego presenta escurrimiento nasal y dolor de garganta, para despu\u00e9s seguir con fiebre o febr\u00edcula, acompa\u00f1ada de tos seca para luego mejorar, sin necesidad de que ingresen a un hospital.<\/p>\n","protected":false},"excerpt":{"rendered":"<p>El secretario de Salud estatal, Jos\u00e9 Antonio Mart\u00ednez Garc\u00eda, pidi\u00f3 a los poblanos estar al pendiente porque este viernes o el s\u00e1bado 25 de junio se dar\u00e1 a conocer la log\u00edstica para la vacunaci\u00f3n anticovid para los de 5 a 11 a\u00f1os. En rueda de prensa matutina, dijo que la tarde de este viernes podr\u00eda [&hellip;]<\/p>\n","protected":false},"author":4,"featured_media":8741,"comment_status":"open","ping_status":"open","sticky":false,"template":"","format":"standard","meta":{"om_disable_all_campaigns":false,"_monsterinsights_skip_tracking":false,"_monsterinsights_sitenote_active":false,"_monsterinsights_sitenote_note":"","_monsterinsights_sitenote_category":0,"footnotes":""},"categories":[175],"tags":[195,223],"class_list":["post-8740","post","type-post","status-publish","format-standard","has-post-thumbnail","hentry","category-local","tag-principal","tag-puebla"],"amp_enabled":true,"_links":{"self":[{"href":"https:\/\/lahora.mx\/index.php\/wp-json\/wp\/v2\/posts\/8740","targetHints":{"allow":["GET"]}}],"collection":[{"href":"https:\/\/lahora.mx\/index.php\/wp-json\/wp\/v2\/posts"}],"about":[{"href":"https:\/\/lahora.mx\/index.php\/wp-json\/wp\/v2\/types\/post"}],"author":[{"embeddable":true,"href":"https:\/\/lahora.mx\/index.php\/wp-json\/wp\/v2\/users\/4"}],"replies":[{"embeddable":true,"href":"https:\/\/lahora.mx\/index.php\/wp-json\/wp\/v2\/comments?post=8740"}],"version-history":[{"count":1,"href":"https:\/\/lahora.mx\/index.php\/wp-json\/wp\/v2\/posts\/8740\/revisions"}],"predecessor-version":[{"id":8742,"href":"https:\/\/lahora.mx\/index.php\/wp-json\/wp\/v2\/posts\/8740\/revisions\/8742"}],"wp:featuredmedia":[{"embeddable":true,"href":"https:\/\/lahora.mx\/index.php\/wp-json\/wp\/v2\/media\/8741"}],"wp:attachment":[{"href":"https:\/\/lahora.mx\/index.php\/wp-json\/wp\/v2\/media?parent=8740"}],"wp:term":[{"taxonomy":"category","embeddable":true,"href":"https:\/\/lahora.mx\/index.php\/wp-json\/wp\/v2\/categories?post=8740"},{"taxonomy":"post_tag","embeddable":true,"href":"https:\/\/lahora.mx\/index.php\/wp-json\/wp\/v2\/tags?post=8740"}],"curies":[{"name":"wp","href":"https:\/\/api.w.org\/{rel}","templated":true}]}}