{"id":8737,"date":"2022-06-24T17:04:51","date_gmt":"2022-06-24T17:04:51","guid":{"rendered":"http:\/\/lahora.mx\/?p=8737"},"modified":"2022-06-24T17:05:36","modified_gmt":"2022-06-24T17:05:36","slug":"al-hacer-explosion-resultan-lesionados-en-crater-del-popocatepetl","status":"publish","type":"post","link":"https:\/\/lahora.mx\/index.php\/2022\/06\/24\/al-hacer-explosion-resultan-lesionados-en-crater-del-popocatepetl\/","title":{"rendered":"Al hacer explosi\u00f3n resultan lesionados en cr\u00e1ter del Popocat\u00e9petl"},"content":{"rendered":"\n<p>Una persona fallecida y otra m\u00e1s herida, al parecer acompa\u00f1antes, fue el saldo que dej\u00f3 el incidente registrado a metros del cr\u00e1ter el volc\u00e1n Popocat\u00e9petl. De acuerdo con las primeras versiones, el tr\u00e1gico desenlace fue producto de una intromisi\u00f3n ilegal a una zona considerada de alto riesgo.<\/p>\n\n\n\n<p>Todo inici\u00f3 el pasado mi\u00e9rcoles 22 de junio, cuando un grupo de cinco personas originarias del municipio de Tlalmanalco, Estado de M\u00e9xico, escal\u00f3 por las faldas del coloso al punto de ingresar a una zona delimitada como peligrosa \u2013y restringida\u2013 por autoridades del Parque Nacional Izta-Popo.<\/p>\n\n\n\n<p>Las personas eran acompa\u00f1adas por un gu\u00eda tur\u00edstico, quien se sabe, las abandon\u00f3 en el camino, en alg\u00fan momento entre la noche del mi\u00e9rcoles y la madrugada del jueves, seg\u00fan detall\u00f3 Ana Luc\u00eda Hill Mayoral, titular de la Secretar\u00eda de Gobernaci\u00f3n (Segob).<\/p>\n\n\n\n<p>Leer m\u00e1s: [Video] \u00a1Lo vuelven a hacer! Escalan hasta la boca del Popocat\u00e9petl<br>En conferencia de prensa, la funcionaria dio a conocer que la autoridad tuvo conocimiento del suceso, gracias a que uno de los excursionistas dio aviso al mando de la polic\u00eda del Estado de M\u00e9xico, situada en la alcald\u00eda de Amecameca. Fue as\u00ed como empezaron las labores de rescate.<\/p>\n\n\n\n<p>Sin embargo, debido a que se encontraban varados en una barranca de aproximadamente 50 metros de profundidad y a una altura de poco m\u00e1s de 4 mil 600 metros sobre el nivel del mar, las labores de rescate se tornaron complejas.<\/p>\n\n\n\n<p>En ese tenor, personal de la Polic\u00eda de Alta Monta\u00f1a, B\u00fasqueda y Salvamento y personal de Protecci\u00f3n Civil mexiquense hall\u00f3 a Felipe N y Gabriela N, en momentos distintos.<\/p>\n\n\n\n<p>Al primero lo encontraron durante las \u00faltimas horas del mi\u00e9rcoles 23 de junio con vida, no obstante le fueron diagnosticadas varias fracturas: en el f\u00e9mur, en las costillas, adem\u00e1s de una herramienta enterrada en el cuerpo. As\u00ed fue trasladado de inmediato a un centro m\u00e9dico de esa entidad federativa.<\/p>\n\n\n\n<p>Conoce al hombre del volc\u00e1n: poblano sube a lo m\u00e1s alto del Popocat\u00e9petl<br>ROCA VOLC\u00c1NICA EXPULSADA POR EL POPO HABR\u00cdA MATADO A MUJER<br>Poco despu\u00e9s, en la madrugada del siguiente d\u00eda, el cuerpo de la mujer fue encontrado y, seg\u00fan lo reportado por diversos medios de comunicaci\u00f3n, el fallecimiento ocurri\u00f3 debido al impacto de una roca volc\u00e1nica expulsada desde el cr\u00e1ter del coloso.<\/p>\n\n\n\n<p>Se sabe que fueron requeridos 11 integrantes de esa corporaci\u00f3n de rescate, adem\u00e1s de un grupo de personas pertenecientes al grupo de salvamento del municipio de Tlalmanalco, Estado de M\u00e9xico.<\/p>\n\n\n\n<p>Se inform\u00f3 tambi\u00e9n que fue colocado un centro de monitoreo en el albergue situado en el punto conocido como Paso de Cort\u00e9s, seg\u00fan informaron medios de comunicaci\u00f3n.<\/p>\n\n\n\n<p>Finalmente, Hill Mayoral hizo hincapi\u00e9 en que, si bien, el suceso tuvo lugar en un sitio de jurisdicci\u00f3n mexiquense, la autoridad poblana brind\u00f3 apoyo para el monitoreo, pues la entidad forma parte de los esfuerzos coordinados para mantener la seguridad civil en ese lugar.<\/p>\n","protected":false},"excerpt":{"rendered":"<p>Una persona fallecida y otra m\u00e1s herida, al parecer acompa\u00f1antes, fue el saldo que dej\u00f3 el incidente registrado a metros del cr\u00e1ter el volc\u00e1n Popocat\u00e9petl. De acuerdo con las primeras versiones, el tr\u00e1gico desenlace fue producto de una intromisi\u00f3n ilegal a una zona considerada de alto riesgo. Todo inici\u00f3 el pasado mi\u00e9rcoles 22 de junio, [&hellip;]<\/p>\n","protected":false},"author":4,"featured_media":8738,"comment_status":"open","ping_status":"open","sticky":false,"template":"","format":"standard","meta":{"om_disable_all_campaigns":false,"_monsterinsights_skip_tracking":false,"_monsterinsights_sitenote_active":false,"_monsterinsights_sitenote_note":"","_monsterinsights_sitenote_category":0,"footnotes":""},"categories":[175,176],"tags":[223],"class_list":["post-8737","post","type-post","status-publish","format-standard","has-post-thumbnail","hentry","category-local","category-nacional","tag-puebla"],"amp_enabled":true,"_links":{"self":[{"href":"https:\/\/lahora.mx\/index.php\/wp-json\/wp\/v2\/posts\/8737","targetHints":{"allow":["GET"]}}],"collection":[{"href":"https:\/\/lahora.mx\/index.php\/wp-json\/wp\/v2\/posts"}],"about":[{"href":"https:\/\/lahora.mx\/index.php\/wp-json\/wp\/v2\/types\/post"}],"author":[{"embeddable":true,"href":"https:\/\/lahora.mx\/index.php\/wp-json\/wp\/v2\/users\/4"}],"replies":[{"embeddable":true,"href":"https:\/\/lahora.mx\/index.php\/wp-json\/wp\/v2\/comments?post=8737"}],"version-history":[{"count":1,"href":"https:\/\/lahora.mx\/index.php\/wp-json\/wp\/v2\/posts\/8737\/revisions"}],"predecessor-version":[{"id":8739,"href":"https:\/\/lahora.mx\/index.php\/wp-json\/wp\/v2\/posts\/8737\/revisions\/8739"}],"wp:featuredmedia":[{"embeddable":true,"href":"https:\/\/lahora.mx\/index.php\/wp-json\/wp\/v2\/media\/8738"}],"wp:attachment":[{"href":"https:\/\/lahora.mx\/index.php\/wp-json\/wp\/v2\/media?parent=8737"}],"wp:term":[{"taxonomy":"category","embeddable":true,"href":"https:\/\/lahora.mx\/index.php\/wp-json\/wp\/v2\/categories?post=8737"},{"taxonomy":"post_tag","embeddable":true,"href":"https:\/\/lahora.mx\/index.php\/wp-json\/wp\/v2\/tags?post=8737"}],"curies":[{"name":"wp","href":"https:\/\/api.w.org\/{rel}","templated":true}]}}