{"id":872,"date":"2021-12-21T20:41:52","date_gmt":"2021-12-21T20:41:52","guid":{"rendered":"http:\/\/lahora.mx\/?p=872"},"modified":"2021-12-21T20:42:15","modified_gmt":"2021-12-21T20:42:15","slug":"asegura-barbosa-que-hay-mas-implicados","status":"publish","type":"post","link":"https:\/\/lahora.mx\/index.php\/2021\/12\/21\/asegura-barbosa-que-hay-mas-implicados\/","title":{"rendered":"Asegura Barbosa que hay m\u00e1s implicados en saqueo de Casa Puebla"},"content":{"rendered":"<p>El saqueo de Casa Puebla tiene mas\u00a0 involucrados, por lo que se continuar\u00e1n las investigaciones, se\u00f1al\u00f3 el gobernador Miguel Barbosa Huerta tras la detenci\u00f3n de Bernardo N.<br \/>\n\u00abSi hay m\u00e1s implicados, tiene que ver con esa actitud de todo es m\u00edo, \u00a0que la justicia determine la responsabilidad de quienes est\u00e9n implicados\u00bb, declar\u00f3<\/p>\n<p>Fuente Diario Cambio<\/p>\n","protected":false},"excerpt":{"rendered":"<p>El saqueo de Casa Puebla tiene mas\u00a0 involucrados, por lo que se continuar\u00e1n las investigaciones, se\u00f1al\u00f3 el gobernador Miguel Barbosa Huerta tras la detenci\u00f3n de Bernardo N. \u00abSi hay m\u00e1s implicados, tiene que ver con esa actitud de todo es m\u00edo, \u00a0que la justicia determine la responsabilidad de quienes est\u00e9n implicados\u00bb, declar\u00f3 Fuente Diario Cambio<\/p>\n","protected":false},"author":4,"featured_media":873,"comment_status":"open","ping_status":"open","sticky":false,"template":"","format":"standard","meta":{"om_disable_all_campaigns":false,"_monsterinsights_skip_tracking":false,"_monsterinsights_sitenote_active":false,"_monsterinsights_sitenote_note":"","_monsterinsights_sitenote_category":0,"footnotes":""},"categories":[175],"tags":[],"class_list":["post-872","post","type-post","status-publish","format-standard","has-post-thumbnail","hentry","category-local"],"amp_enabled":true,"_links":{"self":[{"href":"https:\/\/lahora.mx\/index.php\/wp-json\/wp\/v2\/posts\/872","targetHints":{"allow":["GET"]}}],"collection":[{"href":"https:\/\/lahora.mx\/index.php\/wp-json\/wp\/v2\/posts"}],"about":[{"href":"https:\/\/lahora.mx\/index.php\/wp-json\/wp\/v2\/types\/post"}],"author":[{"embeddable":true,"href":"https:\/\/lahora.mx\/index.php\/wp-json\/wp\/v2\/users\/4"}],"replies":[{"embeddable":true,"href":"https:\/\/lahora.mx\/index.php\/wp-json\/wp\/v2\/comments?post=872"}],"version-history":[{"count":2,"href":"https:\/\/lahora.mx\/index.php\/wp-json\/wp\/v2\/posts\/872\/revisions"}],"predecessor-version":[{"id":875,"href":"https:\/\/lahora.mx\/index.php\/wp-json\/wp\/v2\/posts\/872\/revisions\/875"}],"wp:featuredmedia":[{"embeddable":true,"href":"https:\/\/lahora.mx\/index.php\/wp-json\/wp\/v2\/media\/873"}],"wp:attachment":[{"href":"https:\/\/lahora.mx\/index.php\/wp-json\/wp\/v2\/media?parent=872"}],"wp:term":[{"taxonomy":"category","embeddable":true,"href":"https:\/\/lahora.mx\/index.php\/wp-json\/wp\/v2\/categories?post=872"},{"taxonomy":"post_tag","embeddable":true,"href":"https:\/\/lahora.mx\/index.php\/wp-json\/wp\/v2\/tags?post=872"}],"curies":[{"name":"wp","href":"https:\/\/api.w.org\/{rel}","templated":true}]}}