{"id":8689,"date":"2022-06-23T22:32:05","date_gmt":"2022-06-23T22:32:05","guid":{"rendered":"http:\/\/lahora.mx\/?p=8689"},"modified":"2022-06-24T00:14:18","modified_gmt":"2022-06-24T00:14:18","slug":"en-piaxtla-policia-estatal-asume-la-seguridad-tras-muerte-de-detenido","status":"publish","type":"post","link":"https:\/\/lahora.mx\/index.php\/2022\/06\/23\/en-piaxtla-policia-estatal-asume-la-seguridad-tras-muerte-de-detenido\/","title":{"rendered":"En Piaxtla, Polic\u00eda Estatal asume la seguridad tras muerte de detenido"},"content":{"rendered":"\n<p>Ante la situaci\u00f3n que prevalece en Piaxtla, en la que su edil, Miguel Maceda Carrera, se encuentra ausente, la Polic\u00eda Estatal asumi\u00f3 las tareas de vigilancia en la demarcaci\u00f3n, anunci\u00f3 el gobernador de Puebla, Miguel Barbosa Huerta, quien a su vez pidi\u00f3 al alcalde \u201cque d\u00e9 la cara, que vaya a su pueblo [y] hable con la gente\u201d.<\/p>\n\n\n\n<p>Tal como lo dio a conocer El Sol de Puebla en d\u00edas pasados, polic\u00edas municipales de Piaxtla fueron se\u00f1alados y actualmente investigados por la Fiscal\u00eda General del Estado (FGE), por presuntamente ser responsables de la muerte de un ciudadano al que tuvieron retenido. Desde entonces, Maceda Carrera se mantiene fuera de la oficina, y aunque se conoce que participa en las sesiones de su cabildo, nadie sabe d\u00f3nde est\u00e1.<\/p>\n\n\n\n<p>\u201cLe pido al presidente que d\u00e9 la cara, no hay nada [en] contra de \u00e9l (\u2026) Eso de que ya se fue a Nueva York no es cierto, sigue en M\u00e9xico, o sigue en Puebla, eso ya lo sabemos nosotros (\u2026) Que hable con la gente, que re\u00fana a su ayuntamiento y tome decisiones de las que se deben de tomar como gobierno cuando se est\u00e1 en una situaci\u00f3n complicada (\u2026) Una presidencia municipal se asume con toda la responsabilidad y car\u00e1cter\u201d, expuso el titular del Ejecutivo.<\/p>\n\n\n\n<p>Piaxtla, una semana sin alcalde tras muerte de detenido<br>El gobernador revel\u00f3 tambi\u00e9n que fue el pasado mi\u00e9rcoles 22 de junio cuando recibi\u00f3 en Casa Aguayo una solicitud de los regidores de Piaxtla y firmada por el alcalde, en la que hicieron p\u00fablica su pretensi\u00f3n de que el Gobierno de Puebla se hiciera cargo de la protecci\u00f3n ciudadana en ese lugar.<\/p>\n\n\n\n<p>Ante ello, explic\u00f3 que solicit\u00f3 la presencia de ese cuerpo edilicio en la sede del gobierno estatal, no obstante, s\u00f3lo lograron contactar al secretario del Ayuntamiento, quien por cierto, fue quien sostuvo que el alcalde se encontraba ausente. Adem\u00e1s, indic\u00f3 que fueron las autoridades municipales quienes cancelaron la cita que ya se ten\u00eda agendada.<\/p>\n\n\n\n<p>Es importante recordar que, seg\u00fan lo conocido por este diario, la planilla de uniformados en Piaxtla es fluctuante, por lo que no existe una red policial constante en la demarcaci\u00f3n, en gran medida esto se debe a que los aspirantes no logran aprobar el examen de control de confianza.<\/p>\n\n\n\n<p>S\u00cdNDICA SOLICIT\u00d3 INTERVENCI\u00d3N DEL GOBIERNO DEL ESTADO<br>En ese contexto, el gobernador Barbosa Huerta sostuvo que tom\u00f3 la decisi\u00f3n de enviar uniformados estatales a Piaxtla, pues revel\u00f3 que fue la s\u00edndica de ese ayuntamiento quien solicit\u00f3 la intervenci\u00f3n del gobierno estatal por separado, sin embargo, recalc\u00f3 que la seguridad p\u00fablica es responsabilidad del municipio<\/p>\n\n\n\n<p>Polic\u00edas de Piaxtla se\u00f1alados por muerte de detenido trabajar\u00edan en Santa Isabel Cholula<br>\u201cSi los polic\u00edas municipales involucrados, se\u00f1alados o presuntamente responsables ya no est\u00e1n en el lugar (\u2026) pues que contraten otros, que empiece la contrataci\u00f3n (\u2026) [Pero] como hay una investigaci\u00f3n, decidimos ir y asumir, no de manera institucional la seguridad, pero s\u00ed hacernos cargo del cuidado\u201d, subray\u00f3.<\/p>\n\n\n\n<p>As\u00ed, el gobernador concluy\u00f3 diciendo que la calma en esa demarcaci\u00f3n est\u00e1 garantizada por ahora: \u201cHay polic\u00eda estatal en todo el municipio vigilando, custodiando, para que quede clarito y est\u00e1 en curso la investigaci\u00f3n relacionada con (\u2026) la muerte de la persona que estuvo detenida. Le pido a los habitantes de Piaxtla [que] mantengan la calma, conf\u00eden en la autoridad, no vamos a dejar que las cosas se descompongan\u201d.<\/p>\n\n\n\n<p>Aunado a ello, reiter\u00f3 al alcalde Miguel Maceda que vuelva a su posici\u00f3n, para que \u201ccomparezcan ante las autoridades para que se aclare perfectamente el tema de esta muerte (\u2026) [y] si fue por razones naturales como ellos lo acreditaron (\u2026) pues que se acredite y si no pues ah\u00ed se ver\u00e1.<\/p>\n","protected":false},"excerpt":{"rendered":"<p>Ante la situaci\u00f3n que prevalece en Piaxtla, en la que su edil, Miguel Maceda Carrera, se encuentra ausente, la Polic\u00eda Estatal asumi\u00f3 las tareas de vigilancia en la demarcaci\u00f3n, anunci\u00f3 el gobernador de Puebla, Miguel Barbosa Huerta, quien a su vez pidi\u00f3 al alcalde \u201cque d\u00e9 la cara, que vaya a su pueblo [y] hable [&hellip;]<\/p>\n","protected":false},"author":4,"featured_media":8690,"comment_status":"open","ping_status":"open","sticky":false,"template":"","format":"standard","meta":{"om_disable_all_campaigns":false,"_monsterinsights_skip_tracking":false,"_monsterinsights_sitenote_active":false,"_monsterinsights_sitenote_note":"","_monsterinsights_sitenote_category":0,"footnotes":""},"categories":[175],"tags":[],"class_list":["post-8689","post","type-post","status-publish","format-standard","has-post-thumbnail","hentry","category-local"],"amp_enabled":true,"_links":{"self":[{"href":"https:\/\/lahora.mx\/index.php\/wp-json\/wp\/v2\/posts\/8689","targetHints":{"allow":["GET"]}}],"collection":[{"href":"https:\/\/lahora.mx\/index.php\/wp-json\/wp\/v2\/posts"}],"about":[{"href":"https:\/\/lahora.mx\/index.php\/wp-json\/wp\/v2\/types\/post"}],"author":[{"embeddable":true,"href":"https:\/\/lahora.mx\/index.php\/wp-json\/wp\/v2\/users\/4"}],"replies":[{"embeddable":true,"href":"https:\/\/lahora.mx\/index.php\/wp-json\/wp\/v2\/comments?post=8689"}],"version-history":[{"count":1,"href":"https:\/\/lahora.mx\/index.php\/wp-json\/wp\/v2\/posts\/8689\/revisions"}],"predecessor-version":[{"id":8691,"href":"https:\/\/lahora.mx\/index.php\/wp-json\/wp\/v2\/posts\/8689\/revisions\/8691"}],"wp:featuredmedia":[{"embeddable":true,"href":"https:\/\/lahora.mx\/index.php\/wp-json\/wp\/v2\/media\/8690"}],"wp:attachment":[{"href":"https:\/\/lahora.mx\/index.php\/wp-json\/wp\/v2\/media?parent=8689"}],"wp:term":[{"taxonomy":"category","embeddable":true,"href":"https:\/\/lahora.mx\/index.php\/wp-json\/wp\/v2\/categories?post=8689"},{"taxonomy":"post_tag","embeddable":true,"href":"https:\/\/lahora.mx\/index.php\/wp-json\/wp\/v2\/tags?post=8689"}],"curies":[{"name":"wp","href":"https:\/\/api.w.org\/{rel}","templated":true}]}}