{"id":8676,"date":"2022-06-23T22:12:29","date_gmt":"2022-06-23T22:12:29","guid":{"rendered":"http:\/\/lahora.mx\/?p=8676"},"modified":"2022-06-23T22:12:30","modified_gmt":"2022-06-23T22:12:30","slug":"hay-mas-asesinatos-que-con-calderon-amlo","status":"publish","type":"post","link":"https:\/\/lahora.mx\/index.php\/2022\/06\/23\/hay-mas-asesinatos-que-con-calderon-amlo\/","title":{"rendered":"Hay m\u00e1s asesinatos que con Calder\u00f3n AMLO"},"content":{"rendered":"\n<p>El presidente Andr\u00e9s Manuel L\u00f3pez Obrador reconoci\u00f3 que durante su sexenio se han registrado m\u00e1s asesinatos que en el de Felipe Calder\u00f3n, pero aclar\u00f3 que esto se debe a que recibi\u00f3 un pa\u00eds con homicidios \u201chasta la punta\u201d.<\/p>\n\n\n\n<p>Durante su conferencia de prensa matutina el mandatario explic\u00f3 que cuando lleg\u00f3 al poder los homicidios se encontraban al tope debido a que en las dos administraciones pasadas (Calder\u00f3n y Pe\u00f1a Nieto) aumentaron los asesinatos.<\/p>\n\n\n\n<p>Dijo que Calder\u00f3n no recibi\u00f3 el pa\u00eds en esas condiciones, pero s\u00ed lo llev\u00f3 a esos niveles.<br>Se\u00f1al\u00f3 adem\u00e1s que en las administraciones pasadas se falsificaba la informaci\u00f3n sobre los homicidios y el asesinato de mujeres no se clasificaba como feminicidio.<\/p>\n\n\n\n<p>El presidente critic\u00f3 que la estrategia de Calder\u00f3n contra el crimen organizado s\u00ed fue frontal, al responder a la violencia con violencia; sin embargo, no era equitativa, pues no enfrentaba a aquellos que ten\u00edan acuerdo con el gobierno o con Genaro Garc\u00eda Luna, los cuales pod\u00edan actuar con impunidad.<\/p>\n\n\n\n<p>\u201cClaro que convencer a los involucrados o voceros de esta mafia no es f\u00e1cil, tratar de convencer a los periodistas que trataban en el r\u00e9gimen que apoyaban a delincuentes. \u00bfPor qu\u00e9 no nos platica Loret de Mola cu\u00e1l era su relaci\u00f3n con Garc\u00eda Luna?, \u00bfPor qu\u00e9 no hace un reportaje sobre eso en una actitud autocr\u00edtica? Y el mismo Calder\u00f3n que no habla y no dice nada\u201d, agreg\u00f3.<br>Asimismo, acept\u00f3 que no se ha registrado la disminuci\u00f3n significativa en homicidios dolosos que esperaba, sin embargo, s\u00ed ha logrado contenerse y destac\u00f3 que se ha registrado una ligera disminuci\u00f3n en estos cr\u00edmenes.<\/p>\n\n\n\n<p>Tambi\u00e9n celebr\u00f3 el mensaje del papa Francisco en el que condena la violencia en el pa\u00eds, se\u00f1alando que \u201cle pareci\u00f3 equilibrado\u201d, pues los conservadores no hubiesen querido que el Papa dijera que la violencia produce m\u00e1s sufrimiento, pues esa era la mentalidad que guiaba a Calder\u00f3n: limpiar, extorsionar y hacer relaciones de complicidad con la delincuencia.<\/p>\n\n\n\n<p>Finalmente mostr\u00f3 una gr\u00e1fica en donde se muestra que en 2011, el pen\u00faltimo a\u00f1o de gobierno de Calder\u00f3n, se registraron mil 76 enfrentamientos; mil 127 heridos y detenidos, as\u00ed como mil 412 fallecidos, pues la instrucci\u00f3n a los jefes militares era aplicar la fuerza y rematar a los criminales, mientras el gobierno se encargaba de los derechos humanos.<\/p>\n","protected":false},"excerpt":{"rendered":"<p>El presidente Andr\u00e9s Manuel L\u00f3pez Obrador reconoci\u00f3 que durante su sexenio se han registrado m\u00e1s asesinatos que en el de Felipe Calder\u00f3n, pero aclar\u00f3 que esto se debe a que recibi\u00f3 un pa\u00eds con homicidios \u201chasta la punta\u201d. Durante su conferencia de prensa matutina el mandatario explic\u00f3 que cuando lleg\u00f3 al poder los homicidios se [&hellip;]<\/p>\n","protected":false},"author":4,"featured_media":8677,"comment_status":"open","ping_status":"open","sticky":false,"template":"","format":"standard","meta":{"om_disable_all_campaigns":false,"_monsterinsights_skip_tracking":false,"_monsterinsights_sitenote_active":false,"_monsterinsights_sitenote_note":"","_monsterinsights_sitenote_category":0,"footnotes":""},"categories":[176],"tags":[195],"class_list":["post-8676","post","type-post","status-publish","format-standard","has-post-thumbnail","hentry","category-nacional","tag-principal"],"amp_enabled":true,"_links":{"self":[{"href":"https:\/\/lahora.mx\/index.php\/wp-json\/wp\/v2\/posts\/8676","targetHints":{"allow":["GET"]}}],"collection":[{"href":"https:\/\/lahora.mx\/index.php\/wp-json\/wp\/v2\/posts"}],"about":[{"href":"https:\/\/lahora.mx\/index.php\/wp-json\/wp\/v2\/types\/post"}],"author":[{"embeddable":true,"href":"https:\/\/lahora.mx\/index.php\/wp-json\/wp\/v2\/users\/4"}],"replies":[{"embeddable":true,"href":"https:\/\/lahora.mx\/index.php\/wp-json\/wp\/v2\/comments?post=8676"}],"version-history":[{"count":1,"href":"https:\/\/lahora.mx\/index.php\/wp-json\/wp\/v2\/posts\/8676\/revisions"}],"predecessor-version":[{"id":8678,"href":"https:\/\/lahora.mx\/index.php\/wp-json\/wp\/v2\/posts\/8676\/revisions\/8678"}],"wp:featuredmedia":[{"embeddable":true,"href":"https:\/\/lahora.mx\/index.php\/wp-json\/wp\/v2\/media\/8677"}],"wp:attachment":[{"href":"https:\/\/lahora.mx\/index.php\/wp-json\/wp\/v2\/media?parent=8676"}],"wp:term":[{"taxonomy":"category","embeddable":true,"href":"https:\/\/lahora.mx\/index.php\/wp-json\/wp\/v2\/categories?post=8676"},{"taxonomy":"post_tag","embeddable":true,"href":"https:\/\/lahora.mx\/index.php\/wp-json\/wp\/v2\/tags?post=8676"}],"curies":[{"name":"wp","href":"https:\/\/api.w.org\/{rel}","templated":true}]}}