{"id":8673,"date":"2022-06-23T21:59:52","date_gmt":"2022-06-23T21:59:52","guid":{"rendered":"http:\/\/lahora.mx\/?p=8673"},"modified":"2022-06-23T21:59:53","modified_gmt":"2022-06-23T21:59:53","slug":"tras-desaparicion-de-alondra-soledad-en-san-martin-texmelucan-bloquea-la-mexico-puebla","status":"publish","type":"post","link":"https:\/\/lahora.mx\/index.php\/2022\/06\/23\/tras-desaparicion-de-alondra-soledad-en-san-martin-texmelucan-bloquea-la-mexico-puebla\/","title":{"rendered":"Tras desaparici\u00f3n de Alondra Soledad en San Mart\u00edn Texmelucan bloquea la M\u00e9xico-Puebla"},"content":{"rendered":"\n<p>Un grupo de personas bloquea la circulaci\u00f3n en la autopista M\u00e9xico-Puebla por la desaparici\u00f3n de Alondra Soledad en el municipio de San Mart\u00edn Texmelucan.<br>Los automovilistas y conductores de camiones de carga est\u00e1n parados en ambos sentidos, a la altura del kil\u00f3metro 68.<\/p>\n\n\n\n<p>Elementos de la Guardia Nacional Divisi\u00f3n Carreteras entablan un di\u00e1logo con la gente para que reabra la circulaci\u00f3n.<\/p>\n\n\n\n<p>Alondra Soledad desapareci\u00f3 tras salir de su casa en San Mart\u00edn Texmelucan<br>De acuerdo con los manifestantes, Alondra Soledad Axalca, de 18 a\u00f1os de edad, estaba la noche de ayer 22 de junio en su domicilio en el municipio de San Mart\u00edn Texmelucan.<\/p>\n\n\n\n<p>La joven sali\u00f3 para ir a ver a unas personas conocidas de la zona. La gente indic\u00f3 que hasta el momento no ha aparecido.<\/p>\n\n\n\n<p>El 22 de junio tambi\u00e9n se report\u00f3 la desaparici\u00f3n del ni\u00f1o Estefano, de 12 a\u00f1os, en el municipio de San Andr\u00e9s Cholula.<\/p>\n\n\n\n<p>En las \u00faltimas semanas, familiares de personas desaparecidas han realizado protestas. Se trata de Jocelin y David una pareja de esposos que desaparecieron tras ir a La Cuchilla; y Dami\u00e1n en San Bernab\u00e9 Temoxtitla.<\/p>\n","protected":false},"excerpt":{"rendered":"<p>Un grupo de personas bloquea la circulaci\u00f3n en la autopista M\u00e9xico-Puebla por la desaparici\u00f3n de Alondra Soledad en el municipio de San Mart\u00edn Texmelucan.Los automovilistas y conductores de camiones de carga est\u00e1n parados en ambos sentidos, a la altura del kil\u00f3metro 68. Elementos de la Guardia Nacional Divisi\u00f3n Carreteras entablan un di\u00e1logo con la gente [&hellip;]<\/p>\n","protected":false},"author":4,"featured_media":8674,"comment_status":"open","ping_status":"open","sticky":false,"template":"","format":"standard","meta":{"om_disable_all_campaigns":false,"_monsterinsights_skip_tracking":false,"_monsterinsights_sitenote_active":false,"_monsterinsights_sitenote_note":"","_monsterinsights_sitenote_category":0,"footnotes":""},"categories":[175],"tags":[195,223],"class_list":["post-8673","post","type-post","status-publish","format-standard","has-post-thumbnail","hentry","category-local","tag-principal","tag-puebla"],"amp_enabled":true,"_links":{"self":[{"href":"https:\/\/lahora.mx\/index.php\/wp-json\/wp\/v2\/posts\/8673","targetHints":{"allow":["GET"]}}],"collection":[{"href":"https:\/\/lahora.mx\/index.php\/wp-json\/wp\/v2\/posts"}],"about":[{"href":"https:\/\/lahora.mx\/index.php\/wp-json\/wp\/v2\/types\/post"}],"author":[{"embeddable":true,"href":"https:\/\/lahora.mx\/index.php\/wp-json\/wp\/v2\/users\/4"}],"replies":[{"embeddable":true,"href":"https:\/\/lahora.mx\/index.php\/wp-json\/wp\/v2\/comments?post=8673"}],"version-history":[{"count":1,"href":"https:\/\/lahora.mx\/index.php\/wp-json\/wp\/v2\/posts\/8673\/revisions"}],"predecessor-version":[{"id":8675,"href":"https:\/\/lahora.mx\/index.php\/wp-json\/wp\/v2\/posts\/8673\/revisions\/8675"}],"wp:featuredmedia":[{"embeddable":true,"href":"https:\/\/lahora.mx\/index.php\/wp-json\/wp\/v2\/media\/8674"}],"wp:attachment":[{"href":"https:\/\/lahora.mx\/index.php\/wp-json\/wp\/v2\/media?parent=8673"}],"wp:term":[{"taxonomy":"category","embeddable":true,"href":"https:\/\/lahora.mx\/index.php\/wp-json\/wp\/v2\/categories?post=8673"},{"taxonomy":"post_tag","embeddable":true,"href":"https:\/\/lahora.mx\/index.php\/wp-json\/wp\/v2\/tags?post=8673"}],"curies":[{"name":"wp","href":"https:\/\/api.w.org\/{rel}","templated":true}]}}