{"id":8667,"date":"2022-06-23T14:53:15","date_gmt":"2022-06-23T14:53:15","guid":{"rendered":"http:\/\/lahora.mx\/?p=8667"},"modified":"2022-06-23T14:53:15","modified_gmt":"2022-06-23T14:53:15","slug":"ya-son-9-detenidos-por-linchamiento-de-daniel-picazo","status":"publish","type":"post","link":"https:\/\/lahora.mx\/index.php\/2022\/06\/23\/ya-son-9-detenidos-por-linchamiento-de-daniel-picazo\/","title":{"rendered":"Ya son 9 detenidos por linchamiento de Daniel Picazo"},"content":{"rendered":"\n<p>Elementos de la Fiscal\u00eda General del Estado de Puebla (FGE), lograron asegurar este mi\u00e9rcoles a Luis N., el noveno detenido por el caso del linchamiento de Daniel Picazo, ocurrido el 11 de junio en Papatlazolco.<\/p>\n\n\n\n<p>Sin embargo, la familia sigue en busca de respuestas sobre las razones por las que Daniel Picazo se encontraba en Papatlazolco en el momento de su linchamiento.<\/p>\n\n\n\n<p>De acuerdo con algunas versiones de testigos, agentes ministeriales provenientes de la capital del estado, apoyados por agentes adscritos a Huauchinango, cumplieron la orden de aprehensi\u00f3n en contra de Luis N., a quien se le acusa por el delito de homicidio calificado en contra del abogado Daniel Picazo.<\/p>\n\n\n\n<p>Cabe se\u00f1alar que entre el lunes y martes han sido capturados 8 presuntos responsables de hechos, por lo que, con la captura de Luis N., aumenta a 9 el n\u00famero de detenidos.<\/p>\n\n\n\n<p>Los cuestionamientos que los familiares realizaron a la FGE van desde, quienes eran los acompa\u00f1antes o acompa\u00f1ante de su hijo y porqu\u00e9 el presidente auxiliar no hizo nada para evitar la ejecuci\u00f3n.<\/p>\n\n\n\n<p>Adem\u00e1s, acusaron a las autoridades de ocultarles informaci\u00f3n respecto a la cronolog\u00eda de hechos del d\u00eda en que unos 200 pobladores enardecidos le pusieron punto final a la vida de su hijo.<\/p>\n\n\n\n<p>Nicandro Picazo, padre de Daniel, encabez\u00f3 una manifestaci\u00f3n en la cabecera municipal de Huauchinango, durante el s\u00e1bado 18 de junio, para exigir justicia. Ocho d\u00edas despu\u00e9s de los tr\u00e1gicos hechos, el padre de Daniel se\u00f1al\u00f3 a medios de comunicaci\u00f3n locales que ninguna autoridad le hab\u00eda ofrecido informaci\u00f3n sobre el caso y solamente conoc\u00eda el testimonio de un testigo, presuntamente habitante de la comunidad.<\/p>\n\n\n\n<p>El padre pidi\u00f3 a las autoridades que esclarezcan y den explicaciones sobre las personas que acompa\u00f1aban a Daniel Picazo para conocer las razones por las cuales el joven abogado se encontraba en esta junta auxiliar.<\/p>\n","protected":false},"excerpt":{"rendered":"<p>Elementos de la Fiscal\u00eda General del Estado de Puebla (FGE), lograron asegurar este mi\u00e9rcoles a Luis N., el noveno detenido por el caso del linchamiento de Daniel Picazo, ocurrido el 11 de junio en Papatlazolco. Sin embargo, la familia sigue en busca de respuestas sobre las razones por las que Daniel Picazo se encontraba en [&hellip;]<\/p>\n","protected":false},"author":4,"featured_media":8668,"comment_status":"open","ping_status":"open","sticky":false,"template":"","format":"standard","meta":{"om_disable_all_campaigns":false,"_monsterinsights_skip_tracking":false,"_monsterinsights_sitenote_active":false,"_monsterinsights_sitenote_note":"","_monsterinsights_sitenote_category":0,"footnotes":""},"categories":[175],"tags":[],"class_list":["post-8667","post","type-post","status-publish","format-standard","has-post-thumbnail","hentry","category-local"],"amp_enabled":true,"_links":{"self":[{"href":"https:\/\/lahora.mx\/index.php\/wp-json\/wp\/v2\/posts\/8667","targetHints":{"allow":["GET"]}}],"collection":[{"href":"https:\/\/lahora.mx\/index.php\/wp-json\/wp\/v2\/posts"}],"about":[{"href":"https:\/\/lahora.mx\/index.php\/wp-json\/wp\/v2\/types\/post"}],"author":[{"embeddable":true,"href":"https:\/\/lahora.mx\/index.php\/wp-json\/wp\/v2\/users\/4"}],"replies":[{"embeddable":true,"href":"https:\/\/lahora.mx\/index.php\/wp-json\/wp\/v2\/comments?post=8667"}],"version-history":[{"count":1,"href":"https:\/\/lahora.mx\/index.php\/wp-json\/wp\/v2\/posts\/8667\/revisions"}],"predecessor-version":[{"id":8669,"href":"https:\/\/lahora.mx\/index.php\/wp-json\/wp\/v2\/posts\/8667\/revisions\/8669"}],"wp:featuredmedia":[{"embeddable":true,"href":"https:\/\/lahora.mx\/index.php\/wp-json\/wp\/v2\/media\/8668"}],"wp:attachment":[{"href":"https:\/\/lahora.mx\/index.php\/wp-json\/wp\/v2\/media?parent=8667"}],"wp:term":[{"taxonomy":"category","embeddable":true,"href":"https:\/\/lahora.mx\/index.php\/wp-json\/wp\/v2\/categories?post=8667"},{"taxonomy":"post_tag","embeddable":true,"href":"https:\/\/lahora.mx\/index.php\/wp-json\/wp\/v2\/tags?post=8667"}],"curies":[{"name":"wp","href":"https:\/\/api.w.org\/{rel}","templated":true}]}}