{"id":8664,"date":"2022-06-23T14:44:30","date_gmt":"2022-06-23T14:44:30","guid":{"rendered":"http:\/\/lahora.mx\/?p=8664"},"modified":"2022-06-23T14:44:30","modified_gmt":"2022-06-23T14:44:30","slug":"regresa-uso-obligatorio-de-cubrebocas-a-puebla","status":"publish","type":"post","link":"https:\/\/lahora.mx\/index.php\/2022\/06\/23\/regresa-uso-obligatorio-de-cubrebocas-a-puebla\/","title":{"rendered":"Regresa uso obligatorio de cubrebocas a Puebla"},"content":{"rendered":"\n<p>Debido al aumento de contagios de covid-19 en Puebla, el gobierno estatal inform\u00f3 que nuevamente el uso de cubrebocas es obligatorio en espacios cerrados y en grandes concentraciones al aire libre, aunque el aforo se mantiene al 100 por ciento.<\/p>\n\n\n\n<p>En conferencia de prensa de este jueves, la secretaria de Gobernaci\u00f3n (SEGOB) estatal, Ana Luc\u00eda Hill Mayoral, indic\u00f3 que se debe mantener la sana distancia en los establecimientos, aunque el aforo no se ver\u00e1 reducido como anteriormente.<\/p>\n\n\n\n<p>Adem\u00e1s, se deber\u00e1n reforzar los protocolos sanitarios a todo tipo de inmuebles, as\u00ed como seguir usando la aplicaci\u00f3n Alerta Covid Puebla, disponible para todos los tel\u00e9fonos inteligentes.<\/p>\n\n\n\n<p>La otra semana habr\u00e1 refuerzo covid para menores de 17 a\u00f1os<br>M\u00e1s del tema\u2026<br>La otra semana habr\u00e1 refuerzo covid para menores de 17 a\u00f1os<br>La funcionaria estatal indic\u00f3 que los eventos con m\u00e1s de 300 participantes necesitan la validaci\u00f3n del gobierno estatal de su protocolo de sanitario, a trav\u00e9s de un c\u00f3digo QR y el tr\u00e1mite es gratuito, as\u00ed como en l\u00ednea.<\/p>\n\n\n\n<p>Personal de Protecci\u00f3n Civil que sea sorprendido usando c\u00f3digos QR para eventos antiguos ser\u00e1n dados de baja ante autoridades estatales.<\/p>\n\n\n\n<p>Por otra parte, la Secretar\u00eda de Salud dio a conocer para este 23 de junio Puebla sum\u00f3 219 contagios nuevos de covid-19, superando por primera vez en varios meses los 200, pues el mi\u00e9rcoles se reportaron 198 casos.<\/p>\n\n\n\n<p>Llegan ma\u00f1ana nuevas medidas anticovid en Puebla<br>M\u00e1s del tema\u2026<br>Llegan ma\u00f1ana nuevas medidas anticovid en Puebla<br>Adem\u00e1s, hay mil 354 contagios activos distribuidos en 41 municipios, aunque las hospitalizaciones se mantienen en un nivel bajo, al registrar 16 pero ninguno sin ventilaci\u00f3n mec\u00e1nica asistida.<\/p>\n\n\n\n<p>Respecto a las defunciones, se inform\u00f3 que el estado suma tres d\u00edas sin muertes por covid-19.<\/p>\n","protected":false},"excerpt":{"rendered":"<p>Debido al aumento de contagios de covid-19 en Puebla, el gobierno estatal inform\u00f3 que nuevamente el uso de cubrebocas es obligatorio en espacios cerrados y en grandes concentraciones al aire libre, aunque el aforo se mantiene al 100 por ciento. En conferencia de prensa de este jueves, la secretaria de Gobernaci\u00f3n (SEGOB) estatal, Ana Luc\u00eda [&hellip;]<\/p>\n","protected":false},"author":4,"featured_media":8665,"comment_status":"open","ping_status":"open","sticky":false,"template":"","format":"standard","meta":{"om_disable_all_campaigns":false,"_monsterinsights_skip_tracking":false,"_monsterinsights_sitenote_active":false,"_monsterinsights_sitenote_note":"","_monsterinsights_sitenote_category":0,"footnotes":""},"categories":[175],"tags":[195,223],"class_list":["post-8664","post","type-post","status-publish","format-standard","has-post-thumbnail","hentry","category-local","tag-principal","tag-puebla"],"amp_enabled":true,"_links":{"self":[{"href":"https:\/\/lahora.mx\/index.php\/wp-json\/wp\/v2\/posts\/8664","targetHints":{"allow":["GET"]}}],"collection":[{"href":"https:\/\/lahora.mx\/index.php\/wp-json\/wp\/v2\/posts"}],"about":[{"href":"https:\/\/lahora.mx\/index.php\/wp-json\/wp\/v2\/types\/post"}],"author":[{"embeddable":true,"href":"https:\/\/lahora.mx\/index.php\/wp-json\/wp\/v2\/users\/4"}],"replies":[{"embeddable":true,"href":"https:\/\/lahora.mx\/index.php\/wp-json\/wp\/v2\/comments?post=8664"}],"version-history":[{"count":1,"href":"https:\/\/lahora.mx\/index.php\/wp-json\/wp\/v2\/posts\/8664\/revisions"}],"predecessor-version":[{"id":8666,"href":"https:\/\/lahora.mx\/index.php\/wp-json\/wp\/v2\/posts\/8664\/revisions\/8666"}],"wp:featuredmedia":[{"embeddable":true,"href":"https:\/\/lahora.mx\/index.php\/wp-json\/wp\/v2\/media\/8665"}],"wp:attachment":[{"href":"https:\/\/lahora.mx\/index.php\/wp-json\/wp\/v2\/media?parent=8664"}],"wp:term":[{"taxonomy":"category","embeddable":true,"href":"https:\/\/lahora.mx\/index.php\/wp-json\/wp\/v2\/categories?post=8664"},{"taxonomy":"post_tag","embeddable":true,"href":"https:\/\/lahora.mx\/index.php\/wp-json\/wp\/v2\/tags?post=8664"}],"curies":[{"name":"wp","href":"https:\/\/api.w.org\/{rel}","templated":true}]}}