{"id":8661,"date":"2022-06-23T14:36:49","date_gmt":"2022-06-23T14:36:49","guid":{"rendered":"http:\/\/lahora.mx\/?p=8661"},"modified":"2022-06-23T14:36:51","modified_gmt":"2022-06-23T14:36:51","slug":"patrocinaba-el-chueco-un-equipo-de-beisbol-era-patrosinado-el-chueco-por-revela-lopez-obrador","status":"publish","type":"post","link":"https:\/\/lahora.mx\/index.php\/2022\/06\/23\/patrocinaba-el-chueco-un-equipo-de-beisbol-era-patrosinado-el-chueco-por-revela-lopez-obrador\/","title":{"rendered":"Patrocinaba \u2018El Chueco\u2019 Un equipo de b\u00e9isbol, era patrosinado \u2018El Chueco\u2019 por  revela L\u00f3pez Obrador"},"content":{"rendered":"\n<p>A pesar de contar con orden de aprehensi\u00f3n desde 2018, Juan \u201cN\u201d, alias El Chueco, presunto asesino de dos sacerdotes y un gru\u00eda tur\u00edstico en Chihuahua, viv\u00eda de manera normal e incluso patrocinaba a un equipo de b\u00e9isbol, inform\u00f3 el presidente Andr\u00e9s Manuel L\u00f3pez Obrador.<\/p>\n\n\n\n<p>Desde Palacio Nacional el mandatario cuestion\u00f3 que la libertad que ten\u00eda el presunto asesino de los sacerdotes Javier Campos Morales, El Gallo, Joaqu\u00edn C\u00e9sar Mora Salazar, El Pato, dentro de la iglesia de Cerocahui, en Uriqui, Chihuahua, as\u00ed como de Pedro Eliodoro, gu\u00eda tur\u00edstico.<\/p>\n\n\n\n<p>Se va a hacer una investigaci\u00f3n a fondo, porque es muy extra\u00f1o, y al mismo tiempo inaceptable (\u2026) y muy sospechoso que una persona as\u00ed llevara una vida tan normal, porque de acuerdo con un informe de la Fiscal\u00eda General del Estado de Chihuahua, era patrocinador de un equipo de b\u00e9isbol con los antecedentes que ya ten\u00eda y conocido en toda la regi\u00f3n, con \u00f3rdenes de aprehensi\u00f3n\u201d, sostuvo.<\/p>\n\n\n\n<p>Asegur\u00f3 que pese a la recuperaci\u00f3n de los tres cuerpos de las v\u00edctimas, se continuar\u00e1 con las acciones de investigaci\u00f3n para dar con El Chueco y con cualquier otra persona involucrada en el crimen cometido el pasado 20 de junio.<br><\/p>\n\n\n\n<p>Y es que L\u00f3pez Obrador consider\u00f3 necesaria la investigaci\u00f3n para esclarecer el homicidio, as\u00ed como para conocer por qu\u00e9 El Chueco viv\u00eda con tranquilidad.<\/p>\n\n\n\n<p>Cabe mencionar que ayer el propio mandatario inform\u00f3 que el presunto asesino cuenta con una orden de aprehensi\u00f3n desde 2018 por su supuesta participaci\u00f3n en el asesinato de un turista estadunidense.<br><\/p>\n\n\n\n<p>\u201cHay que ver si no hab\u00eda impunidad, protecci\u00f3n, arreglos, acuerdos, con qui\u00e9nes. S\u00ed vamos a ir al fondo, que se conozca toda la verdad y es seguro que los propios sacerdotes, las madres, saben todo y con mucho cuidado pueden ayudar; adem\u00e1s son misioneros\u201d, dijo.<\/p>\n\n\n\n<p>Adem\u00e1s reiter\u00f3 su p\u00e9same a la comunidad jesuita y destac\u00f3 las palabras emitidas por el papa Francisco, quien lament\u00f3 el asesinato de los sacerdotes y consider\u00f3 que la violencia no es el camino para alcanzar la paz.<\/p>\n\n\n\n<p>Por lo anterior, L\u00f3pez Obrador sostuvo que su estrategia de seguridad es la id\u00f3nea, contraria a la llevada a cabo por gobiernos pasados, principalmente en el de Felipe Calder\u00f3n, en la que el uso de la fuerza era primordial.<\/p>\n\n\n\n<p>Nosotros no vamos a modificar nuestra estrategia. Este es el camino. Esto es el fruto podrido de una pol\u00edtica de corrupci\u00f3n, de impunidad, que se implement\u00f3 desde los tiempos de Felipe Calder\u00f3n. No se puede arrancar de ra\u00edz, de la noche a la ma\u00f1ana, de un d\u00eda para otro, un problema que lleva a\u00f1os y que adem\u00e1s se propici\u00f3, se alent\u00f3\u201d, afirm\u00f3.<\/p>\n\n\n\n<p>BLINDAN LAS FRONTERAS PARA EVITAR FUGA DE EL CHUECO<\/p>\n\n\n\n<p>Por su parte, el subsecretario de Seguridad y Protecci\u00f3n Ciudadana (SSPC), Ricardo Mej\u00eda Berdeja, inform\u00f3 sobre la emisi\u00f3n de una alerta al Instituto Nacional de Migraci\u00f3n para atender las fronteras para evitar una salida del pa\u00eds de Juan \u00abN\u00bb, El Chueco.<\/p>\n\n\n\n<p>Explic\u00f3 adem\u00e1s que con el objetivo de que Juan \u201cN\u201d, alias El Chueco, sea aprehendido y no salga de M\u00e9xico, las autoridades federales solicitaron el apoyo de la Patrulla Fronteriza de Estados Unidos.<br><\/p>\n\n\n\n<p>\u201cEl INM emiti\u00f3 una alerta migratoria contra el presunto homicida, se ha alertado a las autoridades federales de migraci\u00f3n estar pendientes en las fronteras del pa\u00eds por si quisiera evadir la acci\u00f3n de la justicia.<\/p>\n\n\n\n<p>\u201cSe solicit\u00f3 el apoyo a la patrulla fronteriza de EU para coadyuvar en la localizaci\u00f3n y detenci\u00f3n de este sujeto\u201d, coment\u00f3.<\/p>\n","protected":false},"excerpt":{"rendered":"<p>A pesar de contar con orden de aprehensi\u00f3n desde 2018, Juan \u201cN\u201d, alias El Chueco, presunto asesino de dos sacerdotes y un gru\u00eda tur\u00edstico en Chihuahua, viv\u00eda de manera normal e incluso patrocinaba a un equipo de b\u00e9isbol, inform\u00f3 el presidente Andr\u00e9s Manuel L\u00f3pez Obrador. Desde Palacio Nacional el mandatario cuestion\u00f3 que la libertad que [&hellip;]<\/p>\n","protected":false},"author":4,"featured_media":8662,"comment_status":"open","ping_status":"open","sticky":false,"template":"","format":"standard","meta":{"om_disable_all_campaigns":false,"_monsterinsights_skip_tracking":false,"_monsterinsights_sitenote_active":false,"_monsterinsights_sitenote_note":"","_monsterinsights_sitenote_category":0,"footnotes":""},"categories":[176],"tags":[],"class_list":["post-8661","post","type-post","status-publish","format-standard","has-post-thumbnail","hentry","category-nacional"],"amp_enabled":true,"_links":{"self":[{"href":"https:\/\/lahora.mx\/index.php\/wp-json\/wp\/v2\/posts\/8661","targetHints":{"allow":["GET"]}}],"collection":[{"href":"https:\/\/lahora.mx\/index.php\/wp-json\/wp\/v2\/posts"}],"about":[{"href":"https:\/\/lahora.mx\/index.php\/wp-json\/wp\/v2\/types\/post"}],"author":[{"embeddable":true,"href":"https:\/\/lahora.mx\/index.php\/wp-json\/wp\/v2\/users\/4"}],"replies":[{"embeddable":true,"href":"https:\/\/lahora.mx\/index.php\/wp-json\/wp\/v2\/comments?post=8661"}],"version-history":[{"count":1,"href":"https:\/\/lahora.mx\/index.php\/wp-json\/wp\/v2\/posts\/8661\/revisions"}],"predecessor-version":[{"id":8663,"href":"https:\/\/lahora.mx\/index.php\/wp-json\/wp\/v2\/posts\/8661\/revisions\/8663"}],"wp:featuredmedia":[{"embeddable":true,"href":"https:\/\/lahora.mx\/index.php\/wp-json\/wp\/v2\/media\/8662"}],"wp:attachment":[{"href":"https:\/\/lahora.mx\/index.php\/wp-json\/wp\/v2\/media?parent=8661"}],"wp:term":[{"taxonomy":"category","embeddable":true,"href":"https:\/\/lahora.mx\/index.php\/wp-json\/wp\/v2\/categories?post=8661"},{"taxonomy":"post_tag","embeddable":true,"href":"https:\/\/lahora.mx\/index.php\/wp-json\/wp\/v2\/tags?post=8661"}],"curies":[{"name":"wp","href":"https:\/\/api.w.org\/{rel}","templated":true}]}}