{"id":8658,"date":"2022-06-23T14:32:45","date_gmt":"2022-06-23T14:32:45","guid":{"rendered":"http:\/\/lahora.mx\/?p=8658"},"modified":"2022-06-23T14:32:46","modified_gmt":"2022-06-23T14:32:46","slug":"mexico-pide-ayuda-a-eu-para-localizar-y-capturar-a-el-chueco","status":"publish","type":"post","link":"https:\/\/lahora.mx\/index.php\/2022\/06\/23\/mexico-pide-ayuda-a-eu-para-localizar-y-capturar-a-el-chueco\/","title":{"rendered":"M\u00e9xico Pide ayuda a EU para localizar y capturar a \u2018El Chueco\u2019"},"content":{"rendered":"\n<p>Con el objetivo de que Juan \u201cN\u201d, alias El Chueco, sea aprehendido y no salga de M\u00e9xico tras el asesinato de dos sacerdotes jesuitas y un gu\u00eda de turistas en Uriqui, Chihuahua, las autoridades federales solicitaron el apoyo de la Patrulla Fronteriza de Estados Unidos.<\/p>\n\n\n\n<p>En conferencia en Palacio Nacional, el subsecretario de Seguridad y Protecci\u00f3n Ciudadana (SSPC), Ricardo Mej\u00eda Berdeja, inform\u00f3 que esta solicitud se tom\u00f3 luego de que se emiti\u00f3 al Instituto Nacional de Migraci\u00f3n atender las fronteras para evitar una salida del pa\u00eds del sospechoso.<\/p>\n\n\n\n<p>El INM emiti\u00f3 una alerta migratoria contra el presunto homicida, se ha alertado a las autoridades federales de migraci\u00f3n estar pendientes en las fronteras del pa\u00eds por si quisiera evadir la acci\u00f3n de la justicia.<\/p>\n\n\n\n<p>\u201cSe solicit\u00f3 el apoyo a la patrulla fronteriza de EU para coadyuvar en la localizaci\u00f3n y detenci\u00f3n de este sujeto\u201d, coment\u00f3.<\/p>\n\n\n\n<p>El funcionario destac\u00f3 adem\u00e1s la emisi\u00f3n de la de SSPC de una boleta de b\u00fasqueda y localizaci\u00f3n en contra de Jos\u00e9 \u201cN\u201d, El Chueco, presunto homicida, as\u00ed como de la recompensa que ofrece la Fiscal\u00eda de Chihuahua de 5 millones de pesos por informaci\u00f3n que permita dar con la captura del sujeto.<\/p>\n\n\n\n<p>Esta informaci\u00f3n se da luego de que ayer el mismo presidente Andr\u00e9s Manuel L\u00f3pez Obrador anunciara ayer por la ma\u00f1ana el agresor de los sacerdotes Javier Campos Morales, El Gallo, Joaqu\u00edn C\u00e9sar Mora Salazar, El Pato, dentro de la iglesia de Cerocahui, en Uriqui, as\u00ed como de Pedro Eliodoro, gu\u00eda tur\u00edstico, ya estaba identificado.<\/p>\n","protected":false},"excerpt":{"rendered":"<p>Con el objetivo de que Juan \u201cN\u201d, alias El Chueco, sea aprehendido y no salga de M\u00e9xico tras el asesinato de dos sacerdotes jesuitas y un gu\u00eda de turistas en Uriqui, Chihuahua, las autoridades federales solicitaron el apoyo de la Patrulla Fronteriza de Estados Unidos. En conferencia en Palacio Nacional, el subsecretario de Seguridad y [&hellip;]<\/p>\n","protected":false},"author":4,"featured_media":8659,"comment_status":"open","ping_status":"open","sticky":false,"template":"","format":"standard","meta":{"om_disable_all_campaigns":false,"_monsterinsights_skip_tracking":false,"_monsterinsights_sitenote_active":false,"_monsterinsights_sitenote_note":"","_monsterinsights_sitenote_category":0,"footnotes":""},"categories":[176],"tags":[195],"class_list":["post-8658","post","type-post","status-publish","format-standard","has-post-thumbnail","hentry","category-nacional","tag-principal"],"amp_enabled":true,"_links":{"self":[{"href":"https:\/\/lahora.mx\/index.php\/wp-json\/wp\/v2\/posts\/8658","targetHints":{"allow":["GET"]}}],"collection":[{"href":"https:\/\/lahora.mx\/index.php\/wp-json\/wp\/v2\/posts"}],"about":[{"href":"https:\/\/lahora.mx\/index.php\/wp-json\/wp\/v2\/types\/post"}],"author":[{"embeddable":true,"href":"https:\/\/lahora.mx\/index.php\/wp-json\/wp\/v2\/users\/4"}],"replies":[{"embeddable":true,"href":"https:\/\/lahora.mx\/index.php\/wp-json\/wp\/v2\/comments?post=8658"}],"version-history":[{"count":1,"href":"https:\/\/lahora.mx\/index.php\/wp-json\/wp\/v2\/posts\/8658\/revisions"}],"predecessor-version":[{"id":8660,"href":"https:\/\/lahora.mx\/index.php\/wp-json\/wp\/v2\/posts\/8658\/revisions\/8660"}],"wp:featuredmedia":[{"embeddable":true,"href":"https:\/\/lahora.mx\/index.php\/wp-json\/wp\/v2\/media\/8659"}],"wp:attachment":[{"href":"https:\/\/lahora.mx\/index.php\/wp-json\/wp\/v2\/media?parent=8658"}],"wp:term":[{"taxonomy":"category","embeddable":true,"href":"https:\/\/lahora.mx\/index.php\/wp-json\/wp\/v2\/categories?post=8658"},{"taxonomy":"post_tag","embeddable":true,"href":"https:\/\/lahora.mx\/index.php\/wp-json\/wp\/v2\/tags?post=8658"}],"curies":[{"name":"wp","href":"https:\/\/api.w.org\/{rel}","templated":true}]}}