{"id":8655,"date":"2022-06-23T13:45:56","date_gmt":"2022-06-23T13:45:56","guid":{"rendered":"http:\/\/lahora.mx\/?p=8655"},"modified":"2022-06-23T13:45:57","modified_gmt":"2022-06-23T13:45:57","slug":"sube-a-7-88-la-inflacion-en-la-primera-quincena-de-junio","status":"publish","type":"post","link":"https:\/\/lahora.mx\/index.php\/2022\/06\/23\/sube-a-7-88-la-inflacion-en-la-primera-quincena-de-junio\/","title":{"rendered":"Sube a 7.88% la inflaci\u00f3n en la primera quincena de junio"},"content":{"rendered":"\n<p>El \u00cdndice Nacional de Precios al Consumidor (INPC) aceler\u00f3 y registr\u00f3 una variaci\u00f3n anual de 7.88 por ciento en la primera quincena de junio, presionados por el aumento en los precios de la papa y otros tub\u00e9rculos, pollo, electricidad, refrescos envasados y naranja.<\/p>\n\n\n\n<p>De acuerdo con el Instituto Nacional de Estad\u00edstica y Geograf\u00eda (Inegi), el INPC registr\u00f3 su nivel m\u00e1s alto desde la primera quincena de enero del 2001, cuando se ubic\u00f3 en 8.37 por ciento.<br><\/p>\n\n\n\n<p>Adem\u00e1s, present\u00f3 su segunda quincena consecutiva con incrementos. La cifra se da luego de que en la segunda quincena de mayo se ubicar\u00e1 en 7.72 por ciento.<\/p>\n\n\n\n<p>As\u00ed, la inflaci\u00f3n se ha ubicado 31 quincenas consecutivas por encima del rango objetivo fijado por el Banco de M\u00e9xico (3 por ciento, +\/- un punto porcentual).<br><\/p>\n\n\n\n<p>El resultado del INPC estuvo por encima con las expectativas del mercado, el cual estimaba 7.75 por ciento a tasa anual, de acuerdo con Citibanamex.<\/p>\n\n\n\n<p>El \u00edndice de precios subyacente, que es aquel que excluye de su contabilidad los productos de alta volatilidad de precios, aceler\u00f3 y se ubic\u00f3 en 7.47 por ciento a tasa anual, su variaci\u00f3n m\u00e1s alta desde la segunda quincena de diciembre del 2000, cuando subi\u00f3 a 7.73 por ciento.<\/p>\n\n\n\n<p>En su interior, los precios de los servicios se ubicaron en 4.77 por ciento, mientras que el alza en los precios de las mercanc\u00edas fue de 9.85 por ciento.<br><\/p>\n\n\n\n<p>En tanto, la balanza no subyacente, que contabiliza los productos que presentan una alta volatilidad en sus precios, como los productos agr\u00edcolas o los combustibles, se ubic\u00f3 en 9.13 por ciento a tasa anual, su nivel m\u00e1s alto desde la primera quincena de abril.<\/p>\n\n\n\n<p>De manera desagregada, los precios de los productos agropecuarios presentaron una variaci\u00f3n de 14.31 por ciento, mientras que la de los de los energ\u00e9ticos y tarifas autorizadas por el Gobierno se ubic\u00f3 en 5.15 por ciento, esto respecto al mismo periodo del a\u00f1o pasado.<br><\/p>\n\n\n\n<p>Por otra parte, el \u00cdndice de Precios de la Canasta de Consumo M\u00ednimo aument\u00f3 0.56 por ciento quincenal y 8.44 por ciento a tasa anual.<\/p>\n\n\n\n<p>En su comparaci\u00f3n respecto a la quincena inmediata anterior, el INPC present\u00f3 una deflaci\u00f3n de 0.49 por ciento, su variaci\u00f3n m\u00e1s alta desde la segunda quincena de marzo de este a\u00f1o.<\/p>\n\n\n\n<p>\u00bfCu\u00e1les fueron los productos con mayores precios e incidencia?<br>Entre los productos gen\u00e9ricos cuyas variaciones de precios destacaron por su incidencia sobre la inflaci\u00f3n general fueron la papa y otros tub\u00e9rculos (16.79 por ciento); pollo (2.28 por ciento); electricidad (2.59 por ciento); refrescos envasados (1.13 por ciento) y naranja (13.13 por ciento).<\/p>\n\n\n\n<p>Por el contrario, los productos que presentaron disminuci\u00f3n en sus precios fueron el gas dom\u00e9stico LP (1.52 por ciento); lim\u00f3n (9.53 por ciento); chile serrano (10.36 por ciento); cebolla (4.71 por ciento) y uva (12.66 por ciento).<\/p>\n","protected":false},"excerpt":{"rendered":"<p>El \u00cdndice Nacional de Precios al Consumidor (INPC) aceler\u00f3 y registr\u00f3 una variaci\u00f3n anual de 7.88 por ciento en la primera quincena de junio, presionados por el aumento en los precios de la papa y otros tub\u00e9rculos, pollo, electricidad, refrescos envasados y naranja. De acuerdo con el Instituto Nacional de Estad\u00edstica y Geograf\u00eda (Inegi), el [&hellip;]<\/p>\n","protected":false},"author":4,"featured_media":8656,"comment_status":"open","ping_status":"open","sticky":false,"template":"","format":"standard","meta":{"om_disable_all_campaigns":false,"_monsterinsights_skip_tracking":false,"_monsterinsights_sitenote_active":false,"_monsterinsights_sitenote_note":"","_monsterinsights_sitenote_category":0,"footnotes":""},"categories":[176],"tags":[195],"class_list":["post-8655","post","type-post","status-publish","format-standard","has-post-thumbnail","hentry","category-nacional","tag-principal"],"amp_enabled":true,"_links":{"self":[{"href":"https:\/\/lahora.mx\/index.php\/wp-json\/wp\/v2\/posts\/8655","targetHints":{"allow":["GET"]}}],"collection":[{"href":"https:\/\/lahora.mx\/index.php\/wp-json\/wp\/v2\/posts"}],"about":[{"href":"https:\/\/lahora.mx\/index.php\/wp-json\/wp\/v2\/types\/post"}],"author":[{"embeddable":true,"href":"https:\/\/lahora.mx\/index.php\/wp-json\/wp\/v2\/users\/4"}],"replies":[{"embeddable":true,"href":"https:\/\/lahora.mx\/index.php\/wp-json\/wp\/v2\/comments?post=8655"}],"version-history":[{"count":1,"href":"https:\/\/lahora.mx\/index.php\/wp-json\/wp\/v2\/posts\/8655\/revisions"}],"predecessor-version":[{"id":8657,"href":"https:\/\/lahora.mx\/index.php\/wp-json\/wp\/v2\/posts\/8655\/revisions\/8657"}],"wp:featuredmedia":[{"embeddable":true,"href":"https:\/\/lahora.mx\/index.php\/wp-json\/wp\/v2\/media\/8656"}],"wp:attachment":[{"href":"https:\/\/lahora.mx\/index.php\/wp-json\/wp\/v2\/media?parent=8655"}],"wp:term":[{"taxonomy":"category","embeddable":true,"href":"https:\/\/lahora.mx\/index.php\/wp-json\/wp\/v2\/categories?post=8655"},{"taxonomy":"post_tag","embeddable":true,"href":"https:\/\/lahora.mx\/index.php\/wp-json\/wp\/v2\/tags?post=8655"}],"curies":[{"name":"wp","href":"https:\/\/api.w.org\/{rel}","templated":true}]}}