{"id":8651,"date":"2022-06-23T00:06:14","date_gmt":"2022-06-23T00:06:14","guid":{"rendered":"http:\/\/lahora.mx\/?p=8651"},"modified":"2022-06-23T00:06:15","modified_gmt":"2022-06-23T00:06:15","slug":"ayuntamiento-invita-a-disfrutar-diez-dias-de-oaxaca-en-puebla","status":"publish","type":"post","link":"https:\/\/lahora.mx\/index.php\/2022\/06\/23\/ayuntamiento-invita-a-disfrutar-diez-dias-de-oaxaca-en-puebla\/","title":{"rendered":"Ayuntamiento invita a disfrutar diez d\u00edas de Oaxaca en Puebla"},"content":{"rendered":"\n<p>Del 24 de junio al 03 de julio llegar\u00e1 a Puebla capital todo el color, sabor y tradici\u00f3n de Oaxaca, pues la Calenda y la Guelaguetza recorrer\u00e1n las calles del Centro Hist\u00f3rico hasta el parque de \u201cEl Carmen\u201d, donde tambi\u00e9n se podr\u00e1n encontrar artesan\u00edas, textiles, m\u00fasica y gastronom\u00eda de esta entidad hermana, revel\u00f3 en rueda de prensa Claudia Reed Mart\u00ednez, Directora de Vinculaci\u00f3n y Econom\u00eda Social de la Secretar\u00eda de Econom\u00eda y Turismo<\/p>\n\n\n\n<p>Esto ser\u00e1 posible gracias a la iniciativa \u201cPresencia de Oaxaca en Puebla\u201d, la cual traer\u00e1 una fiesta con mezcal, chocolate, dulces, tejate, quesos, mole, caf\u00e9, barro, alebrijes y muchos productos m\u00e1s de esta regi\u00f3n, mediante 70 stands que estar\u00e1n de 10:00 a 20:00 horas a lo largo de 10 d\u00edas, inform\u00f3 Jos\u00e9 Enrique Estefan Chidiac, Director del Patronato Oaxaque\u00f1o de Cultura A.C.<\/p>\n\n\n\n<p>La entrada ser\u00e1 libre, bajo un concepto de intercambio autosustentable, pues lo que se busca es hacer converger a hermanas y hermanos oaxaque\u00f1os con poblanos entre actividades art\u00edsticas, musicales y gastron\u00f3micas, agreg\u00f3 en su oportunidad Ver\u00f3nica Albor Palestino, Directora de Comunicaci\u00f3n del Patronato Oaxaque\u00f1o de Cultura A.C.<\/p>\n\n\n\n<p>La Guelaguetza estar\u00e1 en las calles de Puebla los s\u00e1bados y domingos a las 15:30 horas, por lo que se invita a la ciudadan\u00eda a mantenerse pendiente de las redes sociales de la Secretar\u00eda de Econom\u00eda y Turismo \u2013@DesaEcoPue en Twitter\u2014 para conocer a detalle esta agenda especial llena de folclor y cultura.<\/p>\n","protected":false},"excerpt":{"rendered":"<p>Del 24 de junio al 03 de julio llegar\u00e1 a Puebla capital todo el color, sabor y tradici\u00f3n de Oaxaca, pues la Calenda y la Guelaguetza recorrer\u00e1n las calles del Centro Hist\u00f3rico hasta el parque de \u201cEl Carmen\u201d, donde tambi\u00e9n se podr\u00e1n encontrar artesan\u00edas, textiles, m\u00fasica y gastronom\u00eda de esta entidad hermana, revel\u00f3 en rueda [&hellip;]<\/p>\n","protected":false},"author":4,"featured_media":8652,"comment_status":"open","ping_status":"open","sticky":false,"template":"","format":"standard","meta":{"om_disable_all_campaigns":false,"_monsterinsights_skip_tracking":false,"_monsterinsights_sitenote_active":false,"_monsterinsights_sitenote_note":"","_monsterinsights_sitenote_category":0,"footnotes":""},"categories":[175],"tags":[],"class_list":["post-8651","post","type-post","status-publish","format-standard","has-post-thumbnail","hentry","category-local"],"amp_enabled":true,"_links":{"self":[{"href":"https:\/\/lahora.mx\/index.php\/wp-json\/wp\/v2\/posts\/8651","targetHints":{"allow":["GET"]}}],"collection":[{"href":"https:\/\/lahora.mx\/index.php\/wp-json\/wp\/v2\/posts"}],"about":[{"href":"https:\/\/lahora.mx\/index.php\/wp-json\/wp\/v2\/types\/post"}],"author":[{"embeddable":true,"href":"https:\/\/lahora.mx\/index.php\/wp-json\/wp\/v2\/users\/4"}],"replies":[{"embeddable":true,"href":"https:\/\/lahora.mx\/index.php\/wp-json\/wp\/v2\/comments?post=8651"}],"version-history":[{"count":1,"href":"https:\/\/lahora.mx\/index.php\/wp-json\/wp\/v2\/posts\/8651\/revisions"}],"predecessor-version":[{"id":8653,"href":"https:\/\/lahora.mx\/index.php\/wp-json\/wp\/v2\/posts\/8651\/revisions\/8653"}],"wp:featuredmedia":[{"embeddable":true,"href":"https:\/\/lahora.mx\/index.php\/wp-json\/wp\/v2\/media\/8652"}],"wp:attachment":[{"href":"https:\/\/lahora.mx\/index.php\/wp-json\/wp\/v2\/media?parent=8651"}],"wp:term":[{"taxonomy":"category","embeddable":true,"href":"https:\/\/lahora.mx\/index.php\/wp-json\/wp\/v2\/categories?post=8651"},{"taxonomy":"post_tag","embeddable":true,"href":"https:\/\/lahora.mx\/index.php\/wp-json\/wp\/v2\/tags?post=8651"}],"curies":[{"name":"wp","href":"https:\/\/api.w.org\/{rel}","templated":true}]}}