{"id":8648,"date":"2022-06-23T00:01:09","date_gmt":"2022-06-23T00:01:09","guid":{"rendered":"http:\/\/lahora.mx\/?p=8648"},"modified":"2022-06-23T00:01:09","modified_gmt":"2022-06-23T00:01:09","slug":"puebla-capital-sede-internacional-para-debatir-sobre-acceso-a-la-informacion-y-transparencia","status":"publish","type":"post","link":"https:\/\/lahora.mx\/index.php\/2022\/06\/23\/puebla-capital-sede-internacional-para-debatir-sobre-acceso-a-la-informacion-y-transparencia\/","title":{"rendered":"Puebla capital sede Internacional para debatir sobre acceso a la informaci\u00f3n y transparencia"},"content":{"rendered":"\n<p>Puebla capital volvi\u00f3 a posicionarse como punto de encuentro mundial al ser sede de la 13\u00aa Edici\u00f3n de la Conferencia Internacional de Comisionados de Informaci\u00f3n (ICIC, por sus siglas en ingl\u00e9s).<\/p>\n\n\n\n<p>Por las facilidades brindadas y la disposici\u00f3n de albergar un di\u00e1logo de cooperaci\u00f3n de esa talla, Blanca Lilia Ibarra Cadena, Comisionada Presidenta del INAI, y Olga S\u00e1nchez Cordero, Senadora Presidente de la C\u00e1mara Alta, reconocieron y agradecieron a Eduardo Rivera P\u00e9rez, Presidente Municipal, la voluntad de hacer de la Angel\u00f3polis una ciudad digna de albergar a 71 autoridades de 39 diferentes pa\u00edses.<\/p>\n\n\n\n<p>Esto, en estrecha vinculaci\u00f3n con el Gobierno del Estado que encabeza Luis Miguel Barbosa Huerta, har\u00e1 de Puebla un referente internacional en materia de an\u00e1lisis y creaci\u00f3n de acuerdos de acceso a la informaci\u00f3n, transparencia e inclusi\u00f3n social, durante los tres d\u00edas que tendr\u00e1 lugar la ICIC.<\/p>\n\n\n\n<p>Para la Administraci\u00f3n de Rivera P\u00e9rez, el derecho a saber es un pilar fundamental de la democracia, por lo que durante el acto inaugural de esta Conferencia, destac\u00f3 que su gobierno buscar\u00e1 garantizar como \u201calgo cotidiano\u201d la apertura del servicio p\u00fablico y la rendici\u00f3n de cuentas.<\/p>\n","protected":false},"excerpt":{"rendered":"<p>Puebla capital volvi\u00f3 a posicionarse como punto de encuentro mundial al ser sede de la 13\u00aa Edici\u00f3n de la Conferencia Internacional de Comisionados de Informaci\u00f3n (ICIC, por sus siglas en ingl\u00e9s). Por las facilidades brindadas y la disposici\u00f3n de albergar un di\u00e1logo de cooperaci\u00f3n de esa talla, Blanca Lilia Ibarra Cadena, Comisionada Presidenta del INAI, [&hellip;]<\/p>\n","protected":false},"author":4,"featured_media":8649,"comment_status":"open","ping_status":"open","sticky":false,"template":"","format":"standard","meta":{"om_disable_all_campaigns":false,"_monsterinsights_skip_tracking":false,"_monsterinsights_sitenote_active":false,"_monsterinsights_sitenote_note":"","_monsterinsights_sitenote_category":0,"footnotes":""},"categories":[175],"tags":[],"class_list":["post-8648","post","type-post","status-publish","format-standard","has-post-thumbnail","hentry","category-local"],"amp_enabled":true,"_links":{"self":[{"href":"https:\/\/lahora.mx\/index.php\/wp-json\/wp\/v2\/posts\/8648","targetHints":{"allow":["GET"]}}],"collection":[{"href":"https:\/\/lahora.mx\/index.php\/wp-json\/wp\/v2\/posts"}],"about":[{"href":"https:\/\/lahora.mx\/index.php\/wp-json\/wp\/v2\/types\/post"}],"author":[{"embeddable":true,"href":"https:\/\/lahora.mx\/index.php\/wp-json\/wp\/v2\/users\/4"}],"replies":[{"embeddable":true,"href":"https:\/\/lahora.mx\/index.php\/wp-json\/wp\/v2\/comments?post=8648"}],"version-history":[{"count":1,"href":"https:\/\/lahora.mx\/index.php\/wp-json\/wp\/v2\/posts\/8648\/revisions"}],"predecessor-version":[{"id":8650,"href":"https:\/\/lahora.mx\/index.php\/wp-json\/wp\/v2\/posts\/8648\/revisions\/8650"}],"wp:featuredmedia":[{"embeddable":true,"href":"https:\/\/lahora.mx\/index.php\/wp-json\/wp\/v2\/media\/8649"}],"wp:attachment":[{"href":"https:\/\/lahora.mx\/index.php\/wp-json\/wp\/v2\/media?parent=8648"}],"wp:term":[{"taxonomy":"category","embeddable":true,"href":"https:\/\/lahora.mx\/index.php\/wp-json\/wp\/v2\/categories?post=8648"},{"taxonomy":"post_tag","embeddable":true,"href":"https:\/\/lahora.mx\/index.php\/wp-json\/wp\/v2\/tags?post=8648"}],"curies":[{"name":"wp","href":"https:\/\/api.w.org\/{rel}","templated":true}]}}