{"id":8602,"date":"2022-06-22T15:08:25","date_gmt":"2022-06-22T15:08:25","guid":{"rendered":"http:\/\/lahora.mx\/?p=8602"},"modified":"2022-06-22T15:08:25","modified_gmt":"2022-06-22T15:08:25","slug":"apartir-de-manana-nuevas-medidas-anticovid-en-puebla","status":"publish","type":"post","link":"https:\/\/lahora.mx\/index.php\/2022\/06\/22\/apartir-de-manana-nuevas-medidas-anticovid-en-puebla\/","title":{"rendered":"Apartir de ma\u00f1ana nuevas medidas anticovid en Puebla"},"content":{"rendered":"\n<p>El gobernador Luis Miguel Barbosa Huerta anunci\u00f3 que el jueves presentar\u00e1 un decreto con las nuevas medidas sanitarias para controlar el aumento de contagios de covid-19 en Puebla, ya que en 24 horas se reportaron 198 casos nuevos.<\/p>\n\n\n\n<p>En su rueda de prensa de este mi\u00e9rcoles, se\u00f1al\u00f3 que el mismo 23 de junio se publicar\u00e1 el decreto en el Peri\u00f3dico Oficial del Estado, sin especificar qu\u00e9 medidas ser\u00e1n las que entrar\u00e1n en vigor.<br>Lo anterior porque calific\u00f3 la actual situaci\u00f3n como fuera de control, al asegurar que aunque las hospitalizaciones no han aumentado, pues no se rebasan los 20 diarios, los contagios siguen en aumento.<\/p>\n\n\n\n<p>Por su parte, el secretario de Salud estatal, Jos\u00e9 Antonio Mart\u00ednez Garc\u00eda, indic\u00f3 que para este mi\u00e9rcoles Puebla pas\u00f3 de 35 casos de covid-19 a 198, su cifra m\u00e1s alta en dos meses.<br>Adem\u00e1s, precis\u00f3 que hay mil 063 contagios activos distribuidos en 40 municipios, mientras que se tiene registro de la hospitalizaci\u00f3n de 15 personas, de las cuales solamente una necesita ventilaci\u00f3n mec\u00e1nica asistida.<\/p>\n\n\n\n<p>El funcionario estatal se\u00f1al\u00f3 que nuevamente Puebla no reporto el fallecimiento de ninguna persona por covid-19.<\/p>\n","protected":false},"excerpt":{"rendered":"<p>El gobernador Luis Miguel Barbosa Huerta anunci\u00f3 que el jueves presentar\u00e1 un decreto con las nuevas medidas sanitarias para controlar el aumento de contagios de covid-19 en Puebla, ya que en 24 horas se reportaron 198 casos nuevos. En su rueda de prensa de este mi\u00e9rcoles, se\u00f1al\u00f3 que el mismo 23 de junio se publicar\u00e1 [&hellip;]<\/p>\n","protected":false},"author":4,"featured_media":8603,"comment_status":"open","ping_status":"open","sticky":false,"template":"","format":"standard","meta":{"om_disable_all_campaigns":false,"_monsterinsights_skip_tracking":false,"_monsterinsights_sitenote_active":false,"_monsterinsights_sitenote_note":"","_monsterinsights_sitenote_category":0,"footnotes":""},"categories":[175],"tags":[195,223],"class_list":["post-8602","post","type-post","status-publish","format-standard","has-post-thumbnail","hentry","category-local","tag-principal","tag-puebla"],"amp_enabled":true,"_links":{"self":[{"href":"https:\/\/lahora.mx\/index.php\/wp-json\/wp\/v2\/posts\/8602","targetHints":{"allow":["GET"]}}],"collection":[{"href":"https:\/\/lahora.mx\/index.php\/wp-json\/wp\/v2\/posts"}],"about":[{"href":"https:\/\/lahora.mx\/index.php\/wp-json\/wp\/v2\/types\/post"}],"author":[{"embeddable":true,"href":"https:\/\/lahora.mx\/index.php\/wp-json\/wp\/v2\/users\/4"}],"replies":[{"embeddable":true,"href":"https:\/\/lahora.mx\/index.php\/wp-json\/wp\/v2\/comments?post=8602"}],"version-history":[{"count":1,"href":"https:\/\/lahora.mx\/index.php\/wp-json\/wp\/v2\/posts\/8602\/revisions"}],"predecessor-version":[{"id":8604,"href":"https:\/\/lahora.mx\/index.php\/wp-json\/wp\/v2\/posts\/8602\/revisions\/8604"}],"wp:featuredmedia":[{"embeddable":true,"href":"https:\/\/lahora.mx\/index.php\/wp-json\/wp\/v2\/media\/8603"}],"wp:attachment":[{"href":"https:\/\/lahora.mx\/index.php\/wp-json\/wp\/v2\/media?parent=8602"}],"wp:term":[{"taxonomy":"category","embeddable":true,"href":"https:\/\/lahora.mx\/index.php\/wp-json\/wp\/v2\/categories?post=8602"},{"taxonomy":"post_tag","embeddable":true,"href":"https:\/\/lahora.mx\/index.php\/wp-json\/wp\/v2\/tags?post=8602"}],"curies":[{"name":"wp","href":"https:\/\/api.w.org\/{rel}","templated":true}]}}