{"id":8536,"date":"2022-06-21T14:37:04","date_gmt":"2022-06-21T14:37:04","guid":{"rendered":"http:\/\/lahora.mx\/?p=8536"},"modified":"2022-06-21T14:37:05","modified_gmt":"2022-06-21T14:37:05","slug":"subvariantes-ba-4-y-ba-5-de-omicron-culpables-del-aumento-de-casos-covid-en-mexico-lopez-gatell","status":"publish","type":"post","link":"https:\/\/lahora.mx\/index.php\/2022\/06\/21\/subvariantes-ba-4-y-ba-5-de-omicron-culpables-del-aumento-de-casos-covid-en-mexico-lopez-gatell\/","title":{"rendered":"Subvariantes BA.4 y BA.5 de \u00f3micron, \u2018culpables\u2019 del aumento de casos COVID en M\u00e9xico: L\u00f3pez-Gatell"},"content":{"rendered":"\n<p>El aumento progresivo de casos COVID en M\u00e9xico, observado en las \u00faltimas nueve semanas, se debe a la propagaci\u00f3n de las subvariantes BA.4 y BA.5 de \u00f3micron, precis\u00f3 este martes el subsecretario de Salud, Hugo L\u00f3pez-Gatell.<\/p>\n\n\n\n<p>Sobre el incremento en la frecuencia de los casos, dijo que \u201chay noticias que no son agradables pero tambi\u00e9n hay alentadoras\u201c, pues \u201clo que vemos es el comportamiento de la variante \u00f3micron, principalmente de las variantes BA.4 y BA.5, por lo que se espera una enfermedad mayormente leve\u201d, detall\u00f3.<\/p>\n\n\n\n<p>De acuerdo con el funcionario, las personas infectadas presentan s\u00edntomas parecidos a los del catarro com\u00fan, caracter\u00edsticos de \u00f3micron, con menor probabilidad de da\u00f1o a los pulmones.<\/p>\n\n\n\n<p>Es por esto que las hospitalizaciones se han mantenido a la baja, tan solo se tiene el 1 por ciento de las camas con ventilador ocupadas mientras que las generales alcanzan el 4 por ciento. En cuanto a las defunciones, se mantienen controladas con un promedio de cinco al d\u00eda.<\/p>\n\n\n\n<p>El lento crecimiento de la epidemia durante la quinta ola, a comparaci\u00f3n de cuarta, sugiere que la inmunidad de la poblaci\u00f3n, adquirida a trav\u00e9s del contagio o de la vacunaci\u00f3n, ha dado resultados, agreg\u00f3 L\u00f3pez-Gatell.<\/p>\n\n\n\n<p>Dosis de vacunas COVID para ni\u00f1as y ni\u00f1os<br>De acuerdo con el calendario del Gobierno Federal, entre el jueves 23 y el viernes 24 de junio llegar\u00e1n al pa\u00eds 2 millones 4 mil dosis de vacunas pedi\u00e1tricas de Pfizer.<\/p>\n\n\n\n<p>Estas se utilizar\u00e1n para inmunizar a la poblaci\u00f3n de cinco a once a\u00f1os, cuyo registro para la jornada de vacunaci\u00f3n comenz\u00f3 el pasado jueves 16 de junio.<br>L\u00f3pez-Gatell desminti\u00f3 los rumores sobre una posible falta de dosis para infantes y asegur\u00f3 que este abastecimiento de Pfizer es parte de un primer contrato pero adem\u00e1s se cuenta con otros mecanismos para obtener vacunas.<\/p>\n\n\n\n<p>Hasta el momento 3 millones 15 mil 979 ni\u00f1os y ni\u00f1as de cinco a once a\u00f1os han sido registrados en el portal mivacuna.<\/p>\n","protected":false},"excerpt":{"rendered":"<p>El aumento progresivo de casos COVID en M\u00e9xico, observado en las \u00faltimas nueve semanas, se debe a la propagaci\u00f3n de las subvariantes BA.4 y BA.5 de \u00f3micron, precis\u00f3 este martes el subsecretario de Salud, Hugo L\u00f3pez-Gatell. Sobre el incremento en la frecuencia de los casos, dijo que \u201chay noticias que no son agradables pero tambi\u00e9n [&hellip;]<\/p>\n","protected":false},"author":4,"featured_media":8537,"comment_status":"open","ping_status":"open","sticky":false,"template":"","format":"standard","meta":{"om_disable_all_campaigns":false,"_monsterinsights_skip_tracking":false,"_monsterinsights_sitenote_active":false,"_monsterinsights_sitenote_note":"","_monsterinsights_sitenote_category":0,"footnotes":""},"categories":[176],"tags":[195],"class_list":["post-8536","post","type-post","status-publish","format-standard","has-post-thumbnail","hentry","category-nacional","tag-principal"],"amp_enabled":true,"_links":{"self":[{"href":"https:\/\/lahora.mx\/index.php\/wp-json\/wp\/v2\/posts\/8536","targetHints":{"allow":["GET"]}}],"collection":[{"href":"https:\/\/lahora.mx\/index.php\/wp-json\/wp\/v2\/posts"}],"about":[{"href":"https:\/\/lahora.mx\/index.php\/wp-json\/wp\/v2\/types\/post"}],"author":[{"embeddable":true,"href":"https:\/\/lahora.mx\/index.php\/wp-json\/wp\/v2\/users\/4"}],"replies":[{"embeddable":true,"href":"https:\/\/lahora.mx\/index.php\/wp-json\/wp\/v2\/comments?post=8536"}],"version-history":[{"count":1,"href":"https:\/\/lahora.mx\/index.php\/wp-json\/wp\/v2\/posts\/8536\/revisions"}],"predecessor-version":[{"id":8538,"href":"https:\/\/lahora.mx\/index.php\/wp-json\/wp\/v2\/posts\/8536\/revisions\/8538"}],"wp:featuredmedia":[{"embeddable":true,"href":"https:\/\/lahora.mx\/index.php\/wp-json\/wp\/v2\/media\/8537"}],"wp:attachment":[{"href":"https:\/\/lahora.mx\/index.php\/wp-json\/wp\/v2\/media?parent=8536"}],"wp:term":[{"taxonomy":"category","embeddable":true,"href":"https:\/\/lahora.mx\/index.php\/wp-json\/wp\/v2\/categories?post=8536"},{"taxonomy":"post_tag","embeddable":true,"href":"https:\/\/lahora.mx\/index.php\/wp-json\/wp\/v2\/tags?post=8536"}],"curies":[{"name":"wp","href":"https:\/\/api.w.org\/{rel}","templated":true}]}}