{"id":850,"date":"2021-12-20T23:58:39","date_gmt":"2021-12-20T23:58:39","guid":{"rendered":"http:\/\/lahora.mx\/?p=850"},"modified":"2021-12-20T23:58:39","modified_gmt":"2021-12-20T23:58:39","slug":"piden-81-municipios-mas-incluir-dap-en-ley-de-ingresos","status":"publish","type":"post","link":"https:\/\/lahora.mx\/index.php\/2021\/12\/20\/piden-81-municipios-mas-incluir-dap-en-ley-de-ingresos\/","title":{"rendered":"Piden 81 municipios m\u00e1s incluir DAP en Ley de Ingresos"},"content":{"rendered":"<h3 class=\"subtitle\">Hasta ahora 137 ayuntamientos en total han solicitado al Congreso este cobro<\/h3>\n<p><!--more--><\/p>\n<p>La Comisi\u00f3n Permanente del Congreso del Estado<b> recibi\u00f3 la solicitud de 81 ayuntamientos <\/b>m\u00e1s para incluir el cobro del <b>Derecho de Alumbrado P\u00fablico <\/b>(DAP) en su respectiva Ley de Ingresos municipal para el <b>ejercicio fiscal de 2022.<\/b><\/p>\n<p>En la sesi\u00f3n de este lunes, la presidenta de la Mesa Directiva, <b>Nora Merino Escamilla,<\/b> dio cuenta de los oficios presentados por los siguientes municipios:<\/p>\n<div class=\"lead-gallery \">\n<div class=\"teaser  owl-carousel owl-theme\">\n<div class=\"owl-wrapper-outer\">\n<div class=\"owl-wrapper\">\n<div class=\"owl-item\">\n<div class=\"img-container picture\">\n<div id=\"standard_1\" class=\"st-placement standard_1 inImage\">\n<div class=\"st-adunit st-reset st-show\">\n<div class=\"st-adunit-ad st-reset\">\n<div class=\"st-display-render st-reset\">\n<div class=\"st-reset\">\n<div class=\"important-styled st-canvas-container direct Full contextual-impact-display fssquz2\">\n<div class=\"important-styled st-canvas-el fhxwyqa\">\n<div class=\"important-styled st-canvas-container undefined fssquz2\">\n<div class=\"important-styled st-canvas-el f1nljxvc\">\n<div class=\"important-styled f6tbnb8\"><b>Ca\u00f1ada Morelos, Tepetzintla, <\/b>Xicotepec, Coxcatl\u00e1n, San Mart\u00edn Totoltepec, Zautla,<b> Iz\u00facar de Matamoros,<\/b>Zinacatepec, Santa Clara Ocoyucan, Tlapanal\u00e1, Ocotepec, Huatlatlauca, Tepexi de Rodr\u00edguez, Tlanepantla, Zapotitl\u00e1n de M\u00e9ndez, San Jer\u00f3nimo Tecuanipan, Atexcal, Atzala, Atoyatempan,<b> Esperanza, Hueyapan,<\/b> Atempan, San Gabriel Chilac, Zaragoza, Tochtepec, Chignautla, Juan C. Bonilla.<\/div>\n<\/div>\n<div>\n<p>Tulcingo de Valle,<b> Teteles de \u00c1vila Castillo, Chalchicomula de Sesma<\/b>, San Jer\u00f3nimo Xayacatl\u00e1n, San Nicol\u00e1s Buenos Aires, Libres, Mixtla, Acatzingo, Pantepec, Ixtepec, Tenampulco, Calpan, Tepexi de Rodr\u00edguez,<b> Cuyoaco, Coyomeapan, Lafragua,<\/b>Venustiano Carranza, Xochiapulco, <b>Vicente Guerrero, Zacatl\u00e1n, Guadalupe Victoria,<\/b>Acateno, Aquixtla, Amozoc, Xochitl\u00e1n de Vicente Su\u00e1rez, Tehuac\u00e1n, Teopantl\u00e1n, Tepeaca, <b>Cuautlancingo, Cuetzalan, Hueytlalpan. <\/b><\/p>\n<p><b>Huehuetl\u00e1n <\/b>el Chico, Huehuetl\u00e1n el Grande, San Nicol\u00e1s de los Ranchos<b>, Chignahuapan, <\/b>San Salvador El Seco, San Pablo Anicano, Petlalcingo, Cuayuca de Andrade, Zapotitl\u00e1n de M\u00e9ndez, Chiconcuautla, Tlahuapan, Santa Catarina Tlaltempan, Chiautzingo, Acteopan, <b>Chichiquila, Yehualtepec, Atzitzintla<\/b>, Oriental, Tianguismanalco, San Salvador Huixcolotla, Yaon\u00e1huac, Tlacuilotepec y Xoxtla.<\/p>\n<p>Con este nuevo paquete de solicitudes <b>suman 137 ayuntamientos<\/b>, por lo que <b>faltar\u00edan \u00fanicamente 80 de presentar su propuesta <\/b>ante el Congreso del Estado para incluir el cobro del DAP en las leyes de ingresos del siguiente a\u00f1o.<\/p>\n<p>Hasta el 16 de diciembre,<b> al menos 56 municipios hab\u00edan presentado su proyecto <\/b>para que los diputados autoricen el cobro de este derecho, costo que aumentar\u00eda entre 6 y 8 pesos bimestral, seg\u00fan la diputada del PT, Nora Merino Escamilla.<\/p>\n<p>La posible aprobaci\u00f3n del DAP<b> ha generado el rechazo de diputados de Morena c<\/b>omo Daniela Mier Ba\u00f1uelos, Carlos Evangelista Aniceto, Edgar Garmendia de los Santos, Eliana Ang\u00e9lica Cervantes Gonz\u00e1lez e Iv\u00e1n Herrera Villag\u00f3mez, as\u00ed como de las diputadas del PAN, M\u00f3nica Rodr\u00edguez Della Vecchia, Guadalupe Leal Rodr\u00edguez y Aurora Sierra Rodr\u00edguez, quienes consideran que afectar\u00e1 el bolsillo.<\/p>\n<p>Fuente: El Sol de Puebla<\/p>\n<\/div>\n<\/div>\n<\/div>\n<\/div>\n<\/div>\n<\/div>\n<\/div>\n<\/div>\n<\/div>\n<\/div>\n<\/div>\n<\/div>\n<\/div>\n<\/div>\n<\/div>\n","protected":false},"excerpt":{"rendered":"<p>Hasta ahora 137 ayuntamientos en total han solicitado al Congreso este cobro<\/p>\n","protected":false},"author":1,"featured_media":851,"comment_status":"open","ping_status":"open","sticky":false,"template":"","format":"standard","meta":{"om_disable_all_campaigns":false,"_monsterinsights_skip_tracking":false,"_monsterinsights_sitenote_active":false,"_monsterinsights_sitenote_note":"","_monsterinsights_sitenote_category":0,"footnotes":""},"categories":[175],"tags":[195],"class_list":["post-850","post","type-post","status-publish","format-standard","has-post-thumbnail","hentry","category-local","tag-principal"],"amp_enabled":true,"_links":{"self":[{"href":"https:\/\/lahora.mx\/index.php\/wp-json\/wp\/v2\/posts\/850","targetHints":{"allow":["GET"]}}],"collection":[{"href":"https:\/\/lahora.mx\/index.php\/wp-json\/wp\/v2\/posts"}],"about":[{"href":"https:\/\/lahora.mx\/index.php\/wp-json\/wp\/v2\/types\/post"}],"author":[{"embeddable":true,"href":"https:\/\/lahora.mx\/index.php\/wp-json\/wp\/v2\/users\/1"}],"replies":[{"embeddable":true,"href":"https:\/\/lahora.mx\/index.php\/wp-json\/wp\/v2\/comments?post=850"}],"version-history":[{"count":1,"href":"https:\/\/lahora.mx\/index.php\/wp-json\/wp\/v2\/posts\/850\/revisions"}],"predecessor-version":[{"id":852,"href":"https:\/\/lahora.mx\/index.php\/wp-json\/wp\/v2\/posts\/850\/revisions\/852"}],"wp:featuredmedia":[{"embeddable":true,"href":"https:\/\/lahora.mx\/index.php\/wp-json\/wp\/v2\/media\/851"}],"wp:attachment":[{"href":"https:\/\/lahora.mx\/index.php\/wp-json\/wp\/v2\/media?parent=850"}],"wp:term":[{"taxonomy":"category","embeddable":true,"href":"https:\/\/lahora.mx\/index.php\/wp-json\/wp\/v2\/categories?post=850"},{"taxonomy":"post_tag","embeddable":true,"href":"https:\/\/lahora.mx\/index.php\/wp-json\/wp\/v2\/tags?post=850"}],"curies":[{"name":"wp","href":"https:\/\/api.w.org\/{rel}","templated":true}]}}