{"id":8468,"date":"2022-06-20T14:56:21","date_gmt":"2022-06-20T14:56:21","guid":{"rendered":"http:\/\/lahora.mx\/?p=8468"},"modified":"2022-06-20T14:57:30","modified_gmt":"2022-06-20T14:57:30","slug":"563-mil-pesos-son-invertidos-para-adoquinar-calle-tlaloc","status":"publish","type":"post","link":"https:\/\/lahora.mx\/index.php\/2022\/06\/20\/563-mil-pesos-son-invertidos-para-adoquinar-calle-tlaloc\/","title":{"rendered":"563 mil pesos son invertidos  para adoquinar calle Tl\u00e1loc"},"content":{"rendered":"\n<p>El presidente municipal de Puebla, Eduardo Rivera P\u00e9rez, arranc\u00f3 la primera obra del programa \u00abConstruyendo Contigo\u00bb, en la colonia Lomas Tziltzoni perteneciente a la junta auxiliar de San Jer\u00f3nimo Caleras, con una inversi\u00f3n de 563 mil pesos.<\/p>\n\n\n\n<p>Al respecto, explic\u00f3 que la obra consiste en pavimentar 832 metros cuadrados de adoqu\u00edn en la calle Tl\u00e1loc, adem\u00e1s de estar al pendiente de banquetas, guarniciones e iluminaci\u00f3n.<\/p>\n\n\n\n<p>Indic\u00f3 que esa vialidad llevaba m\u00e1s de 30 a\u00f1os sin ser intervenida, por eso, la necesidad del gobierno municipal en trabajar en una vialidad segura, la cual beneficiar\u00e1 a m\u00e1s de 200 personas.<br>Se\u00f1al\u00f3 que este programa consiste en que el gobierno de la ciudad prepara las calles y dota a los vecinos de las colonias con material (adoqu\u00edn) para que ellos pongan la mano de obra.<\/p>\n\n\n\n<p>\u00abEste programa es uno de los programas m\u00e1s bonitos que tenemos en la administraci\u00f3n, porque habla de la organizaci\u00f3n de los vecinos, vemos a las y los vecinos participando, colaborando, recibiendo. Gracias en verdad a todos los vecinos que se suman a este proyecto, son obras con sentido social, llevamos 270 calles ya pavimentadas, estamos haciendo muchas obras en la periferia de la ciudad para tener una movilidad segura\u00bb, dijo.<\/p>\n\n\n\n<p>Rivera P\u00e9rez coment\u00f3 que el objetivo es adoquinar en una primera etapa 120 calles de colonias, juntas auxiliares y unidades habitacionales, con una inversi\u00f3n de 50 millones de pesos.<br>Apunt\u00f3 que los interesados en el programa de \u00abConstruyendo Contigo\u00bb deber\u00e1 fundar su Comit\u00e9 Vecinal y posteriormente realizar su solicitud de rehabilitaci\u00f3n de calle a la Secretar\u00eda de Bienestar y Participaci\u00f3n Ciudadana, as\u00ed como a la Secretar\u00eda de Movilidad e Infraestructura.<\/p>\n","protected":false},"excerpt":{"rendered":"<p>El presidente municipal de Puebla, Eduardo Rivera P\u00e9rez, arranc\u00f3 la primera obra del programa \u00abConstruyendo Contigo\u00bb, en la colonia Lomas Tziltzoni perteneciente a la junta auxiliar de San Jer\u00f3nimo Caleras, con una inversi\u00f3n de 563 mil pesos. Al respecto, explic\u00f3 que la obra consiste en pavimentar 832 metros cuadrados de adoqu\u00edn en la calle Tl\u00e1loc, [&hellip;]<\/p>\n","protected":false},"author":4,"featured_media":8471,"comment_status":"open","ping_status":"open","sticky":false,"template":"","format":"standard","meta":{"om_disable_all_campaigns":false,"_monsterinsights_skip_tracking":false,"_monsterinsights_sitenote_active":false,"_monsterinsights_sitenote_note":"","_monsterinsights_sitenote_category":0,"footnotes":""},"categories":[175,1],"tags":[],"class_list":["post-8468","post","type-post","status-publish","format-standard","has-post-thumbnail","hentry","category-local","category-sin-categoria"],"amp_enabled":true,"_links":{"self":[{"href":"https:\/\/lahora.mx\/index.php\/wp-json\/wp\/v2\/posts\/8468","targetHints":{"allow":["GET"]}}],"collection":[{"href":"https:\/\/lahora.mx\/index.php\/wp-json\/wp\/v2\/posts"}],"about":[{"href":"https:\/\/lahora.mx\/index.php\/wp-json\/wp\/v2\/types\/post"}],"author":[{"embeddable":true,"href":"https:\/\/lahora.mx\/index.php\/wp-json\/wp\/v2\/users\/4"}],"replies":[{"embeddable":true,"href":"https:\/\/lahora.mx\/index.php\/wp-json\/wp\/v2\/comments?post=8468"}],"version-history":[{"count":1,"href":"https:\/\/lahora.mx\/index.php\/wp-json\/wp\/v2\/posts\/8468\/revisions"}],"predecessor-version":[{"id":8469,"href":"https:\/\/lahora.mx\/index.php\/wp-json\/wp\/v2\/posts\/8468\/revisions\/8469"}],"wp:featuredmedia":[{"embeddable":true,"href":"https:\/\/lahora.mx\/index.php\/wp-json\/wp\/v2\/media\/8471"}],"wp:attachment":[{"href":"https:\/\/lahora.mx\/index.php\/wp-json\/wp\/v2\/media?parent=8468"}],"wp:term":[{"taxonomy":"category","embeddable":true,"href":"https:\/\/lahora.mx\/index.php\/wp-json\/wp\/v2\/categories?post=8468"},{"taxonomy":"post_tag","embeddable":true,"href":"https:\/\/lahora.mx\/index.php\/wp-json\/wp\/v2\/tags?post=8468"}],"curies":[{"name":"wp","href":"https:\/\/api.w.org\/{rel}","templated":true}]}}