{"id":845,"date":"2021-12-20T23:36:31","date_gmt":"2021-12-20T23:36:31","guid":{"rendered":"http:\/\/lahora.mx\/?p=845"},"modified":"2021-12-20T23:48:54","modified_gmt":"2021-12-20T23:48:54","slug":"norma-layon-conmemora-aniversario-luctuoso-de-las-explosiones-en-texmelucan","status":"publish","type":"post","link":"https:\/\/lahora.mx\/index.php\/2021\/12\/20\/norma-layon-conmemora-aniversario-luctuoso-de-las-explosiones-en-texmelucan\/","title":{"rendered":"Norma Lay\u00f3n conmemora aniversario luctuoso de las explosiones en Texmelucan"},"content":{"rendered":"<p>La presidenta municipal Norma Lay\u00f3n junto con la secretaria de gobernaci\u00f3n<strong>, Ana Luc\u00eda Hill Mayoral,<\/strong> durante la ma\u00f1ana\u00a0 de este domingo se llevo acabo una <strong>ceremonia para conmemorar el aniversario luctuoso de los hechos ocurridos en la madrugada del domingo 19 de diciembre de 2010<\/strong>, en el que tres decenas de personas perdieron la vida y cientos m\u00e1s resultaron afectadas.<\/p>\n<p>La presidenta municipal a\u00f1adi\u00f3 que: \u201clos lamentables hechos ocurridos ese 19 de diciembre nos recuerdan la fragilidad de la vida ante acontecimientos imprevistos, pero tambi\u00e9n nos invita a hacer conciencia respecto a la importancia de la protecci\u00f3n civil. Hoy refrendo mi compromiso con Texmelucan en esta materia, pero sobre todo, reitero mi cari\u00f1o y solidaridad con quienes lamentablemente perdieron a un ser querido\u201d.<\/p>\n<p>En su intervenci\u00f3n, la Secretaria de Gobernaci\u00f3n afirm\u00f3: \u201cdesde el gobierno estatal se reitera el compromiso de luchar en contra de las personas que provocan este tipo de hechos (\u2026) todos debemos asumir nuestra responsabilidad en el mantenimiento de la seguridad social, tambi\u00e9n es fundamental procurar la unidad del tejido social en la comunidad, pues ello desalienta a la delincuencia\u201d.<\/p>\n<p>El Gobierno Municipal de San Mart\u00edn Texmelucan externa sus condolencias y solidaridad con las familias afectadas en aquel evento y reitera sus trabajos en estrategias de Protecci\u00f3n Civil que permitan protocolos oportunos y eficientes ante diversas cat\u00e1strofes tanto naturales como generadas por la mano del hombre.<\/p>\n<div id=\"td_uid_16_61c10fb088b95\" class=\"td-slide-on-2-columns\">\n<div class=\"post_td_gallery\">\n<div class=\"td-gallery-slide-top\"><\/div>\n<\/div>\n<\/div>\n","protected":false},"excerpt":{"rendered":"<p>La presidenta municipal Norma Lay\u00f3n junto con la secretaria de gobernaci\u00f3n, Ana Luc\u00eda Hill Mayoral, durante la ma\u00f1ana\u00a0 de este domingo se llevo acabo una ceremonia para conmemorar el aniversario luctuoso de los hechos ocurridos en la madrugada del domingo 19 de diciembre de 2010, en el que tres decenas de personas perdieron la vida [&hellip;]<\/p>\n","protected":false},"author":4,"featured_media":847,"comment_status":"open","ping_status":"open","sticky":false,"template":"","format":"standard","meta":{"om_disable_all_campaigns":false,"_monsterinsights_skip_tracking":false,"_monsterinsights_sitenote_active":false,"_monsterinsights_sitenote_note":"","_monsterinsights_sitenote_category":0,"footnotes":""},"categories":[175],"tags":[195],"class_list":["post-845","post","type-post","status-publish","format-standard","has-post-thumbnail","hentry","category-local","tag-principal"],"amp_enabled":true,"_links":{"self":[{"href":"https:\/\/lahora.mx\/index.php\/wp-json\/wp\/v2\/posts\/845","targetHints":{"allow":["GET"]}}],"collection":[{"href":"https:\/\/lahora.mx\/index.php\/wp-json\/wp\/v2\/posts"}],"about":[{"href":"https:\/\/lahora.mx\/index.php\/wp-json\/wp\/v2\/types\/post"}],"author":[{"embeddable":true,"href":"https:\/\/lahora.mx\/index.php\/wp-json\/wp\/v2\/users\/4"}],"replies":[{"embeddable":true,"href":"https:\/\/lahora.mx\/index.php\/wp-json\/wp\/v2\/comments?post=845"}],"version-history":[{"count":1,"href":"https:\/\/lahora.mx\/index.php\/wp-json\/wp\/v2\/posts\/845\/revisions"}],"predecessor-version":[{"id":848,"href":"https:\/\/lahora.mx\/index.php\/wp-json\/wp\/v2\/posts\/845\/revisions\/848"}],"wp:featuredmedia":[{"embeddable":true,"href":"https:\/\/lahora.mx\/index.php\/wp-json\/wp\/v2\/media\/847"}],"wp:attachment":[{"href":"https:\/\/lahora.mx\/index.php\/wp-json\/wp\/v2\/media?parent=845"}],"wp:term":[{"taxonomy":"category","embeddable":true,"href":"https:\/\/lahora.mx\/index.php\/wp-json\/wp\/v2\/categories?post=845"},{"taxonomy":"post_tag","embeddable":true,"href":"https:\/\/lahora.mx\/index.php\/wp-json\/wp\/v2\/tags?post=845"}],"curies":[{"name":"wp","href":"https:\/\/api.w.org\/{rel}","templated":true}]}}