{"id":8424,"date":"2022-06-20T01:01:17","date_gmt":"2022-06-20T01:01:17","guid":{"rendered":"http:\/\/lahora.mx\/?p=8424"},"modified":"2022-06-20T01:01:18","modified_gmt":"2022-06-20T01:01:18","slug":"podria-llevar-anos-la-guerra-de-rusia-en-ucrania-otan","status":"publish","type":"post","link":"https:\/\/lahora.mx\/index.php\/2022\/06\/20\/podria-llevar-anos-la-guerra-de-rusia-en-ucrania-otan\/","title":{"rendered":"Podr\u00eda llevar a\u00f1os la guerra de Rusia en Ucrania : OTAN"},"content":{"rendered":"\n<p>El ej\u00e9rcito ucraniano afirm\u00f3 este domingo que logr\u00f3 frenar ataques rusos cerca de la ciudad de Severodonetsk, en el este del pa\u00eds, escenario de intensos combates desde hace semanas dentro de esta guerra que, seg\u00fan la OTAN, podr\u00eda extenderse durante \u00aba\u00f1os\u00bb.<\/p>\n\n\n\n<p>\u00abNuestras unidades lograron frenar el asalto en la regi\u00f3n de Toshkivka\u00bb, declar\u00f3 el ej\u00e9rcito ucraniano en Facebook. \u00abEl enemigo se retir\u00f3\u00bb, agregaron.<\/p>\n\n\n\n<p>Sergu\u00e9i Gaidai, gobernador de Lugansk, regi\u00f3n en la que se sit\u00faa Severodonetsk, calific\u00f3 de \u00abmentiras\u00bb las declaraciones seg\u00fan las cuales Rusia controla toda la localidad. \u00abEs cierto que controlan la mayor\u00eda de la ciudad, pero no completamente\u00bb, dijo.<\/p>\n\n\n\n<p>En Severodonetsk hay m\u00e1s de 500 civiles, entre ellos 38 ni\u00f1os, que se refugiaron en una planta qu\u00edmica, seg\u00fan Gaidai. La planta ha sido de nuevo afectada por bombardeos en las \u00faltimas horas, seg\u00fan el gobernador.<\/p>\n\n\n\n<p>Desde hace varios d\u00edas se intenta establecer un corredor humanitario para evacuarlos, pero a\u00fan no ha podido concretarse.<\/p>\n\n\n\n<p>Desde Mosc\u00fa, el ministerio ruso de Defensa afirm\u00f3 el domingo que \u00abla ofensiva contra Severodonetsk se lleva a cabo con \u00e9xito\u00bb.<\/p>\n\n\n\n<p>\u00abUnidades de la milicia popular de la Rep\u00fablica popular de Lugansk, apoyadas por las fuerzas armadas rusas, liberaron la localidad de Metolkin\u00bb, al sureste de Severodonetsk, explic\u00f3 el ministerio a la prensa.<\/p>\n\n\n\n<p>Tambi\u00e9n afirm\u00f3 haber alcanzado una f\u00e1brica de Mikolaiv (sur) que almacenaba misiles de cruzero y haber destruido \u00abdiez obuses de 155 mm y hasta veinte veh\u00edculos blindados suministrados al r\u00e9gimen de Kiev por Occidente en los \u00faltimos diez d\u00edas\u00bb.<\/p>\n\n\n\n<p>Las afirmaciones no pudieron ser verificadas de forma independiente.<\/p>\n\n\n\n<p>\u00abNo hay lugar seguro\u00bb<br>Tras haber fracasado en su intento de apoderarse de Kiev en el inicio de la ofensiva, a finales de febrero, el objetivo de Rusia parece ser ahora tomar totalmente las riendas de la cuenca minera del Donb\u00e1s, compuesta por las regiones de Lugansk y Donetsk. Desde 2014, esta regi\u00f3n est\u00e1 parcialmente controlada por separatistas prorrusos apoyados por Mosc\u00fa.<\/p>\n\n\n\n<p>\u00abNo hay ning\u00fan lugar seguro\u00bb, admiti\u00f3 el gobernador en una entrevista con AFP desde Lysychansk, en la regi\u00f3n de Lugansk. Los rusos \u00abbombardean nuestras posiciones las 24 horas del d\u00eda\u00bb, describi\u00f3.<\/p>\n\n\n\n<p>\u00abUna expresi\u00f3n dice: hay que prepararse para lo peor y lo mejor vendr\u00e1 s\u00f3lo\u00bb, cuenta Gaidai. \u00abPor supuesto que tenemos que prepararnos\u00bb, reiter\u00f3 el responsable, que teme que los rusos rodeen la ciudad y corten las carreteras que garantizan el suministro.<\/p>\n\n\n\n<p>En la ciudad todo y todos parecen prepararse para los combates en la calle: los soldados cavan agujeros y ponen alambradas, la polic\u00eda coloca coches calcinados para frenar el tr\u00e1fico y muchos habitantes que a\u00fan estaban en la ciudad, deciden finalmente marcharse.<\/p>\n\n\n\n<p>\u00abDejamos todo y nos vamos. Nadie puede sobrevivir a un ataque as\u00ed\u00bb, declar\u00f3 Alla Bor, profesora de historia.<\/p>\n\n\n\n<p>\u00abNo daremos el sur a nadie\u00bb<br>Este domingo, el presidente ucraniano Volodimir Zelenski mostr\u00f3 la determinaci\u00f3n de seguir resistiendo en el sur, tras una visita a las ciudades de Mikolaiv y Odesa el s\u00e1bado.<\/p>\n\n\n\n<p>Mikolaiv, que ten\u00eda medio mill\u00f3n de habitantes antes de la guerra, sigue bajo control ucraniano, pero est\u00e1 cerca de Jers\u00f3n, regi\u00f3n pr\u00e1cticamente ocupada por los rusos.<\/p>\n\n\n\n<p>Adem\u00e1s, se encuentra en la carretera hacia Odesa, el mayor puerto de Ucrania, unos 130 km al suroeste, donde millones de toneladas de grano ucraniano est\u00e1n bloqueadas.<\/p>\n\n\n\n<p>\u00abNo daremos el sur a nadie, vamos a retomar todo, el mar ser\u00e1 ucraniano y ser\u00e1 seguro\u00bb, dijo Zelenski, en un video publicado en Telegram tras regresar a Kiev.<\/p>\n\n\n\n<p>Sin embargo, su optimismo choc\u00f3 con el sombr\u00edo panorama perfilado por el secretario general de la OTAN, Jens Stoltenberg, quien afirm\u00f3, en una entrevista publicada este domingo por el diario alem\u00e1n Bild, que la guerra podr\u00eda durar \u00aba\u00f1os\u00bb y por ello los pa\u00edses occidentales deben prever un apoyo duradero a Ucrania.<\/p>\n\n\n\n<p>\u00abNo debemos desfallecer en nuestro respaldo a Ucrania, aunque los costes sean elevados. No solamente en t\u00e9rminos de apoyo militar, sino tambi\u00e9n por el aumento de los precios de la energ\u00eda y los alimentos\u00bb, dijo.<\/p>\n\n\n\n<p>Rusia redujo esta semana el flujo de gas hacia Europa occidental alegando problemas t\u00e9cnicos. Alemania, en primera l\u00ednea, anunci\u00f3 medidas de urgencia el domingo para asegurar su suministro de energ\u00eda y estas implicar\u00e1n recurrir m\u00e1s al carb\u00f3n.<\/p>\n\n\n\n<p>\u00abEs amargo, pero es indispensable para reducir el consumo de gas\u00bb, declar\u00f3 el ministro de Econom\u00eda, el ecologista Robert Habeck, en un comunicado. El gobierno de coalici\u00f3n alem\u00e1n prometi\u00f3 abandonar el uso de carb\u00f3n antes de 2030.<\/p>\n\n\n\n<p>Entretanto Catar anuncio que el grupo italiano ENI se un\u00eda a la empresa francesa TotalEnergies en el proyecto North Field East, cuyo objetivo es aumentar la producci\u00f3n de gas natural licuado del pa\u00eds del Golfo en un 60% para 2027<\/p>\n","protected":false},"excerpt":{"rendered":"<p>El ej\u00e9rcito ucraniano afirm\u00f3 este domingo que logr\u00f3 frenar ataques rusos cerca de la ciudad de Severodonetsk, en el este del pa\u00eds, escenario de intensos combates desde hace semanas dentro de esta guerra que, seg\u00fan la OTAN, podr\u00eda extenderse durante \u00aba\u00f1os\u00bb. \u00abNuestras unidades lograron frenar el asalto en la regi\u00f3n de Toshkivka\u00bb, declar\u00f3 el ej\u00e9rcito [&hellip;]<\/p>\n","protected":false},"author":4,"featured_media":8425,"comment_status":"open","ping_status":"open","sticky":false,"template":"","format":"standard","meta":{"om_disable_all_campaigns":false,"_monsterinsights_skip_tracking":false,"_monsterinsights_sitenote_active":false,"_monsterinsights_sitenote_note":"","_monsterinsights_sitenote_category":0,"footnotes":""},"categories":[183],"tags":[],"class_list":["post-8424","post","type-post","status-publish","format-standard","has-post-thumbnail","hentry","category-internacional"],"amp_enabled":true,"_links":{"self":[{"href":"https:\/\/lahora.mx\/index.php\/wp-json\/wp\/v2\/posts\/8424","targetHints":{"allow":["GET"]}}],"collection":[{"href":"https:\/\/lahora.mx\/index.php\/wp-json\/wp\/v2\/posts"}],"about":[{"href":"https:\/\/lahora.mx\/index.php\/wp-json\/wp\/v2\/types\/post"}],"author":[{"embeddable":true,"href":"https:\/\/lahora.mx\/index.php\/wp-json\/wp\/v2\/users\/4"}],"replies":[{"embeddable":true,"href":"https:\/\/lahora.mx\/index.php\/wp-json\/wp\/v2\/comments?post=8424"}],"version-history":[{"count":1,"href":"https:\/\/lahora.mx\/index.php\/wp-json\/wp\/v2\/posts\/8424\/revisions"}],"predecessor-version":[{"id":8426,"href":"https:\/\/lahora.mx\/index.php\/wp-json\/wp\/v2\/posts\/8424\/revisions\/8426"}],"wp:featuredmedia":[{"embeddable":true,"href":"https:\/\/lahora.mx\/index.php\/wp-json\/wp\/v2\/media\/8425"}],"wp:attachment":[{"href":"https:\/\/lahora.mx\/index.php\/wp-json\/wp\/v2\/media?parent=8424"}],"wp:term":[{"taxonomy":"category","embeddable":true,"href":"https:\/\/lahora.mx\/index.php\/wp-json\/wp\/v2\/categories?post=8424"},{"taxonomy":"post_tag","embeddable":true,"href":"https:\/\/lahora.mx\/index.php\/wp-json\/wp\/v2\/tags?post=8424"}],"curies":[{"name":"wp","href":"https:\/\/api.w.org\/{rel}","templated":true}]}}