{"id":8368,"date":"2022-06-17T18:13:48","date_gmt":"2022-06-17T18:13:48","guid":{"rendered":"http:\/\/lahora.mx\/?p=8368"},"modified":"2022-06-17T18:13:49","modified_gmt":"2022-06-17T18:13:49","slug":"el-gobierno-estatal-atiende-a-afectados-por-derrumbes-en-la-sierra-negra","status":"publish","type":"post","link":"https:\/\/lahora.mx\/index.php\/2022\/06\/17\/el-gobierno-estatal-atiende-a-afectados-por-derrumbes-en-la-sierra-negra\/","title":{"rendered":"El gobierno estatal atiende a afectados por derrumbes en la Sierra Negra"},"content":{"rendered":"\n<p>El mandatario estatal, Miguel Barbosa Huerta dej\u00f3 en claro que el gobierno estatal atiende las zonas afectadas por derrumbes y deslaves del pasado jueves en la zona de San Miguel Eloxochitl\u00e1n, donde dos personas perdieron la vida.<\/p>\n\n\n\n<p>Indic\u00f3 que al momento los caminos que se hab\u00edan reportado como cerrados ya est\u00e1n habilitados en al menos un carril de circulaci\u00f3n y dej\u00f3 en claro que se van a reparar todas las afectaciones registradas en San Miguel Eloxochitl\u00e1n.<\/p>\n\n\n\n<p>El Sistema Estatal DIF ser\u00e1 el responsable de levantar los censos, \u00ab\u2026 seremos solidarios con la gente afectada, los ayuntamientos de Eloxochitl\u00e1n y Tlacotepec enviaron m\u00e1quinas desde el inicio para liberar las zonas con deslaves en carreteras, se atender\u00e1n casa da\u00f1adas, la atenci\u00f3n a deudos de los fallecidos, el gobierno es solidario con mis paisanos de la Sierra Negra\u00bb.<\/p>\n\n\n\n<p>Cabe se\u00f1alar que este jueves se reportaron diversos derrumbes y uno de ellos fue en Eloxochilt\u00e1n, donde dos personas perdieron la vida y una menor m\u00e1s result\u00f3 herida; asimismo, se reportaron deslaves en vialidades que por horas dejaron incomunicadas a diversas comunidades.<\/p>\n","protected":false},"excerpt":{"rendered":"<p>El mandatario estatal, Miguel Barbosa Huerta dej\u00f3 en claro que el gobierno estatal atiende las zonas afectadas por derrumbes y deslaves del pasado jueves en la zona de San Miguel Eloxochitl\u00e1n, donde dos personas perdieron la vida. Indic\u00f3 que al momento los caminos que se hab\u00edan reportado como cerrados ya est\u00e1n habilitados en al menos [&hellip;]<\/p>\n","protected":false},"author":4,"featured_media":8369,"comment_status":"open","ping_status":"open","sticky":false,"template":"","format":"standard","meta":{"om_disable_all_campaigns":false,"_monsterinsights_skip_tracking":false,"_monsterinsights_sitenote_active":false,"_monsterinsights_sitenote_note":"","_monsterinsights_sitenote_category":0,"footnotes":""},"categories":[175],"tags":[],"class_list":["post-8368","post","type-post","status-publish","format-standard","has-post-thumbnail","hentry","category-local"],"amp_enabled":true,"_links":{"self":[{"href":"https:\/\/lahora.mx\/index.php\/wp-json\/wp\/v2\/posts\/8368","targetHints":{"allow":["GET"]}}],"collection":[{"href":"https:\/\/lahora.mx\/index.php\/wp-json\/wp\/v2\/posts"}],"about":[{"href":"https:\/\/lahora.mx\/index.php\/wp-json\/wp\/v2\/types\/post"}],"author":[{"embeddable":true,"href":"https:\/\/lahora.mx\/index.php\/wp-json\/wp\/v2\/users\/4"}],"replies":[{"embeddable":true,"href":"https:\/\/lahora.mx\/index.php\/wp-json\/wp\/v2\/comments?post=8368"}],"version-history":[{"count":1,"href":"https:\/\/lahora.mx\/index.php\/wp-json\/wp\/v2\/posts\/8368\/revisions"}],"predecessor-version":[{"id":8370,"href":"https:\/\/lahora.mx\/index.php\/wp-json\/wp\/v2\/posts\/8368\/revisions\/8370"}],"wp:featuredmedia":[{"embeddable":true,"href":"https:\/\/lahora.mx\/index.php\/wp-json\/wp\/v2\/media\/8369"}],"wp:attachment":[{"href":"https:\/\/lahora.mx\/index.php\/wp-json\/wp\/v2\/media?parent=8368"}],"wp:term":[{"taxonomy":"category","embeddable":true,"href":"https:\/\/lahora.mx\/index.php\/wp-json\/wp\/v2\/categories?post=8368"},{"taxonomy":"post_tag","embeddable":true,"href":"https:\/\/lahora.mx\/index.php\/wp-json\/wp\/v2\/tags?post=8368"}],"curies":[{"name":"wp","href":"https:\/\/api.w.org\/{rel}","templated":true}]}}