{"id":8365,"date":"2022-06-17T18:10:46","date_gmt":"2022-06-17T18:10:46","guid":{"rendered":"http:\/\/lahora.mx\/?p=8365"},"modified":"2022-06-17T18:10:47","modified_gmt":"2022-06-17T18:10:47","slug":"morena-emite-convocatoria-para-renovar-dirigencia-en-puebla","status":"publish","type":"post","link":"https:\/\/lahora.mx\/index.php\/2022\/06\/17\/morena-emite-convocatoria-para-renovar-dirigencia-en-puebla\/","title":{"rendered":"Morena emite convocatoria para renovar dirigencia en Puebla"},"content":{"rendered":"\n<p>El Comit\u00e9 Ejecutivo Nacional (CEN) de Morena emiti\u00f3 la convocatoria para renovar la dirigencia del partido en Puebla y preparar sus estructuras rumbo al proceso electoral de 2024.<\/p>\n\n\n\n<p>El proceso iniciar\u00e1 con la elecci\u00f3n de 150 consejeros y consejeras estatales en las 15 asambleas distritales que se llevar\u00e1n a cabo el 30 de julio, de 09:00 a 17:00 horas en cada uno de los distritos electorales federales.<\/p>\n\n\n\n<p>En cada asamblea se elegir\u00e1n a 10 personas, cinco hombres y cinco mujeres que sean militantes.<br>Tras su nombramiento se reunir\u00e1n como Consejo Estatal el 6 de agosto en Puebla capital, de 09:00 a 17:00 horas, en donde tendr\u00e1n derecho a votar y ser votados para integrar el nuevo Comit\u00e9 Ejecutivo Estatal (CEE).<\/p>\n\n\n\n<p>En total se elegir\u00e1 a 13 personas, entre ellas a la o el presidente y secretario General del partido, para un periodo estatutario de tres a\u00f1os.<\/p>\n\n\n\n<p>Antes de comenzar con las asambleas distritales el partido deber\u00e1 renovar y validar su padr\u00f3n de militantes, para dar certeza y legalidad al proceso, ya que las anomal\u00edas en el padr\u00f3n causaron la anulaci\u00f3n de la elecci\u00f3n interna en 2019.<\/p>\n\n\n\n<p>Hasta el 14 de septiembre quedar\u00edan definidas todas las dirigencias estatales, con el fin de que ese mes se renueven tambi\u00e9n el Consejo Nacional y la dirigencia nacional de Morena.<\/p>\n","protected":false},"excerpt":{"rendered":"<p>El Comit\u00e9 Ejecutivo Nacional (CEN) de Morena emiti\u00f3 la convocatoria para renovar la dirigencia del partido en Puebla y preparar sus estructuras rumbo al proceso electoral de 2024. El proceso iniciar\u00e1 con la elecci\u00f3n de 150 consejeros y consejeras estatales en las 15 asambleas distritales que se llevar\u00e1n a cabo el 30 de julio, de [&hellip;]<\/p>\n","protected":false},"author":4,"featured_media":8366,"comment_status":"open","ping_status":"open","sticky":false,"template":"","format":"standard","meta":{"om_disable_all_campaigns":false,"_monsterinsights_skip_tracking":false,"_monsterinsights_sitenote_active":false,"_monsterinsights_sitenote_note":"","_monsterinsights_sitenote_category":0,"footnotes":""},"categories":[175],"tags":[223],"class_list":["post-8365","post","type-post","status-publish","format-standard","has-post-thumbnail","hentry","category-local","tag-puebla"],"amp_enabled":true,"_links":{"self":[{"href":"https:\/\/lahora.mx\/index.php\/wp-json\/wp\/v2\/posts\/8365","targetHints":{"allow":["GET"]}}],"collection":[{"href":"https:\/\/lahora.mx\/index.php\/wp-json\/wp\/v2\/posts"}],"about":[{"href":"https:\/\/lahora.mx\/index.php\/wp-json\/wp\/v2\/types\/post"}],"author":[{"embeddable":true,"href":"https:\/\/lahora.mx\/index.php\/wp-json\/wp\/v2\/users\/4"}],"replies":[{"embeddable":true,"href":"https:\/\/lahora.mx\/index.php\/wp-json\/wp\/v2\/comments?post=8365"}],"version-history":[{"count":1,"href":"https:\/\/lahora.mx\/index.php\/wp-json\/wp\/v2\/posts\/8365\/revisions"}],"predecessor-version":[{"id":8367,"href":"https:\/\/lahora.mx\/index.php\/wp-json\/wp\/v2\/posts\/8365\/revisions\/8367"}],"wp:featuredmedia":[{"embeddable":true,"href":"https:\/\/lahora.mx\/index.php\/wp-json\/wp\/v2\/media\/8366"}],"wp:attachment":[{"href":"https:\/\/lahora.mx\/index.php\/wp-json\/wp\/v2\/media?parent=8365"}],"wp:term":[{"taxonomy":"category","embeddable":true,"href":"https:\/\/lahora.mx\/index.php\/wp-json\/wp\/v2\/categories?post=8365"},{"taxonomy":"post_tag","embeddable":true,"href":"https:\/\/lahora.mx\/index.php\/wp-json\/wp\/v2\/tags?post=8365"}],"curies":[{"name":"wp","href":"https:\/\/api.w.org\/{rel}","templated":true}]}}