{"id":8336,"date":"2022-06-16T11:46:00","date_gmt":"2022-06-16T11:46:00","guid":{"rendered":"http:\/\/lahora.mx\/?p=8336"},"modified":"2022-06-17T12:47:03","modified_gmt":"2022-06-17T12:47:03","slug":"el-congreso-del-estado-aprueba-expedir-ley-contra-la-contaminacion-visual-y-auditiva","status":"publish","type":"post","link":"https:\/\/lahora.mx\/index.php\/2022\/06\/16\/el-congreso-del-estado-aprueba-expedir-ley-contra-la-contaminacion-visual-y-auditiva\/","title":{"rendered":"El Congreso del Estado aprueba expedir ley contra la contaminaci\u00f3n visual y auditiva"},"content":{"rendered":"\n<p>El Pleno de la LXI Legislatura del Congreso del Estado aprob\u00f3, por mayor\u00eda de votos, el dictamen por el que se expide la Ley de Atenci\u00f3n y Prevenci\u00f3n de la Contaminaci\u00f3n Visual y Auditiva que fue presentada por el Ejecutivo del Estado y que se trata de un referente a nivel nacional a favor del medio ambiente con la intenci\u00f3n de garantizar el derecho a toda persona de contar con un medio ambiente sano.<\/p>\n\n\n\n<p>Al hacer uso de la palabra, el diputado Jaime Natale Uranga expres\u00f3 que con esta ley se establece que queda prohibido instalar anuncios en \u00e1reas verdes, la realizaci\u00f3n de campa\u00f1as permanentes de concientizaci\u00f3n sobre medio ambiente y regula fuentes fijas y m\u00f3viles de ruido.<\/p>\n\n\n\n<p>Agreg\u00f3 que esta Ley establece grandes cambios para el estado. Contempla los requisitos que deben cumplir los anuncios para la instalaci\u00f3n y su funcionamiento, determina la forma en que llevar\u00e1 a cabo la vigilancia y la inspecci\u00f3n de las autoridades en la materia y establece las sanciones entre otras normativas.<\/p>\n\n\n\n<p>Tambi\u00e9n hicieron uso de la palabra la diputada M\u00f3nica Rodr\u00edguez Della Vecchia quien expres\u00f3 que el derecho de todas y todos a un medio ambiente sano debe ser motivo del esfuerzo y la suma de las mejores propuestas para que en la pr\u00e1ctica se ejerza este derecho humano sin vulnerar a los dem\u00e1s. Mientras que el diputado Eduardo Alc\u00e1ntara Montiel expuso que el perfeccionamiento de la norma ambiental lleva a ponderar el derecho humano al medio ambiente, as\u00ed como las pol\u00edticas p\u00fablicas para el cuidado del medio ambiente.<\/p>\n\n\n\n<p>Como parte de esta ley integral las y los diputados aprobaron reformas al primer p\u00e1rrafo, las fracciones V y VI del art\u00edculo 198; y se adicionan las fracciones V Bis, V Ter, V Quater y V Quinquies al art\u00edculo 198 del C\u00f3digo Penal para sancionar a quien ocasione un da\u00f1o ambiental o desequilibrio ecol\u00f3gico y en contravenci\u00f3n a las disposiciones legales en materia de protecci\u00f3n al ambiente.<\/p>\n\n\n\n<p>Como parte de su intervenci\u00f3n, el diputado Eduardo Castillo L\u00f3pez expres\u00f3 que estas iniciativas fortalecen el estado de derecho. Explic\u00f3 que Ley de Atenci\u00f3n y Prevenci\u00f3n de la Contaminaci\u00f3n Visual y Auditiva se realiza con el fin de promover la conservaci\u00f3n y restauraci\u00f3n del paisaje urbano para promover el cuidado del medio ambiente, mientras que las reformas al C\u00f3digo Penal tienen que ver con la aplicaci\u00f3n de sanciones a quienes da\u00f1en el medio ambiente.<\/p>\n\n\n\n<p>En tanto que la diputada Laura Zapata Mart\u00ednez expres\u00f3 que la problem\u00e1tica del medio ambiente es tomada con seriedad por las y los diputados y muestra de ello es la aprobaci\u00f3n de esta iniciativa.<\/p>\n\n\n\n<p>En otro momento de la sesi\u00f3n, el Pleno de la LXI Legislatura aprob\u00f3, por unanimidad, el punto de acuerdo aprobado por el que se declara \u201c18 de Noviembre, D\u00eda de las Mujeres Revolucionarias\u201d.<\/p>\n\n\n\n<p>En este sentido, el diputado Oswaldo Jim\u00e9nez L\u00f3pez realiz\u00f3 una exposici\u00f3n de las mujeres que formaron parte de la historia al participar en una de las batallas m\u00e1s importantes del pa\u00eds, que es la Revoluci\u00f3n Mexicana.<\/p>\n\n\n\n<p>Mediante otro punto en el orden del d\u00eda, el Pleno aval\u00f3, por unanimidad, reformas para realizar reformas a la Ley para la Igualdad entre Mujeres y Hombres del Estado de Puebla, para homologar el marco normativo, en materia de paridad de g\u00e9nero que permita impactar en pol\u00edticas p\u00fablicas, acciones y programas en la entidad.<\/p>\n\n\n\n<p>Finalmente, como parte del orden del d\u00eda las y los diputados aprobaron, por unanimidad, un exhorto expuesto por la diputada Karla Rodr\u00edguez Palacios, dirigido a los 217 ayuntamientos de la entidad, para que por medio de la Sindicatura Municipal y en coordinaci\u00f3n con la Comisi\u00f3n de Derechos Humanos del Estado implementen acciones en materia de respeto y garant\u00eda de los derechos humanos, con la finalidad de que las personas servidoras p\u00fablicas conozcan cu\u00e1ndo pueden incurrir, ya sea por acci\u00f3n u omisi\u00f3n, en la violaci\u00f3n de los derechos humanos de la ciudadan\u00eda y, en consecuencia, orienten su servicio p\u00fablico hacia el respeto permanente e irrestricto de los mismos.<\/p>\n","protected":false},"excerpt":{"rendered":"<p>El Pleno de la LXI Legislatura del Congreso del Estado aprob\u00f3, por mayor\u00eda de votos, el dictamen por el que se expide la Ley de Atenci\u00f3n y Prevenci\u00f3n de la Contaminaci\u00f3n Visual y Auditiva que fue presentada por el Ejecutivo del Estado y que se trata de un referente a nivel nacional a favor del [&hellip;]<\/p>\n","protected":false},"author":4,"featured_media":8337,"comment_status":"open","ping_status":"open","sticky":false,"template":"","format":"standard","meta":{"om_disable_all_campaigns":false,"_monsterinsights_skip_tracking":false,"_monsterinsights_sitenote_active":false,"_monsterinsights_sitenote_note":"","_monsterinsights_sitenote_category":0,"footnotes":""},"categories":[175],"tags":[],"class_list":["post-8336","post","type-post","status-publish","format-standard","has-post-thumbnail","hentry","category-local"],"amp_enabled":true,"_links":{"self":[{"href":"https:\/\/lahora.mx\/index.php\/wp-json\/wp\/v2\/posts\/8336","targetHints":{"allow":["GET"]}}],"collection":[{"href":"https:\/\/lahora.mx\/index.php\/wp-json\/wp\/v2\/posts"}],"about":[{"href":"https:\/\/lahora.mx\/index.php\/wp-json\/wp\/v2\/types\/post"}],"author":[{"embeddable":true,"href":"https:\/\/lahora.mx\/index.php\/wp-json\/wp\/v2\/users\/4"}],"replies":[{"embeddable":true,"href":"https:\/\/lahora.mx\/index.php\/wp-json\/wp\/v2\/comments?post=8336"}],"version-history":[{"count":1,"href":"https:\/\/lahora.mx\/index.php\/wp-json\/wp\/v2\/posts\/8336\/revisions"}],"predecessor-version":[{"id":8338,"href":"https:\/\/lahora.mx\/index.php\/wp-json\/wp\/v2\/posts\/8336\/revisions\/8338"}],"wp:featuredmedia":[{"embeddable":true,"href":"https:\/\/lahora.mx\/index.php\/wp-json\/wp\/v2\/media\/8337"}],"wp:attachment":[{"href":"https:\/\/lahora.mx\/index.php\/wp-json\/wp\/v2\/media?parent=8336"}],"wp:term":[{"taxonomy":"category","embeddable":true,"href":"https:\/\/lahora.mx\/index.php\/wp-json\/wp\/v2\/categories?post=8336"},{"taxonomy":"post_tag","embeddable":true,"href":"https:\/\/lahora.mx\/index.php\/wp-json\/wp\/v2\/tags?post=8336"}],"curies":[{"name":"wp","href":"https:\/\/api.w.org\/{rel}","templated":true}]}}