{"id":8273,"date":"2022-06-16T14:09:30","date_gmt":"2022-06-16T14:09:30","guid":{"rendered":"http:\/\/lahora.mx\/?p=8273"},"modified":"2022-06-16T14:09:32","modified_gmt":"2022-06-16T14:09:32","slug":"suman-ya-7-detenidos-por-linchamiento-de-abogado-en-huauchinango","status":"publish","type":"post","link":"https:\/\/lahora.mx\/index.php\/2022\/06\/16\/suman-ya-7-detenidos-por-linchamiento-de-abogado-en-huauchinango\/","title":{"rendered":"Suman ya  7 detenidos por linchamiento de abogado en Huauchinango"},"content":{"rendered":"\n<p>Son siete y no cinco, como indic\u00f3 el gobierno estatal, los detenidos por el linchamiento del abogado Daniel Picazo en la localidad de Papatlazolco, en Huauchinango, aunque solo cinco han sido vinculados a proceso.<\/p>\n\n\n\n<p>En rueda de prensa matutina desde Palacio Nacional, subsecretario de Seguridad, Ricardo Mej\u00eda Berdeja, indic\u00f3 que dos aprehendidos son presuntos responsables de participar en la privaci\u00f3n de la vida del abogado el pasado 10 de junio.<\/p>\n\n\n\n<p>Agreg\u00f3 que los linchamientos se provocan por la desinformaci\u00f3n, rumores y la exaltaci\u00f3n de los \u00e1nimos, adem\u00e1s de precisar que no por eso no debe de haber justicia.<\/p>\n\n\n\n<p>Adem\u00e1s, en la ficha presentada durante la conferencia matutina, se especifica que en los cateos realizados en 12 domicilios, que derivaron en la detenci\u00f3n de cinco involucrados en el linchamiento de Daniel Picazo, fue en cooperaci\u00f3n con la FGE de Puebla, la Guardia Nacional y la Polic\u00eda Estatal.<br>Sin embargo, fue despu\u00e9s de estos hechos que se detuvo a otras dos personas, Jos\u00e9 \u201cN\u201d y Sim\u00f3n \u201cN\u201d.<\/p>\n\n\n\n<p>Adem\u00e1s, tambi\u00e9n resaltaron la vinculaci\u00f3n a proceso del excandidato a la gubernatura de Puebla, Javier L\u00f3pez Zavala, y otros dos, por el femincidio de la activista y abogada Cecilia Monz\u00f3n P\u00e9rez.<\/p>\n","protected":false},"excerpt":{"rendered":"<p>Son siete y no cinco, como indic\u00f3 el gobierno estatal, los detenidos por el linchamiento del abogado Daniel Picazo en la localidad de Papatlazolco, en Huauchinango, aunque solo cinco han sido vinculados a proceso. En rueda de prensa matutina desde Palacio Nacional, subsecretario de Seguridad, Ricardo Mej\u00eda Berdeja, indic\u00f3 que dos aprehendidos son presuntos responsables [&hellip;]<\/p>\n","protected":false},"author":4,"featured_media":8274,"comment_status":"open","ping_status":"open","sticky":false,"template":"","format":"standard","meta":{"om_disable_all_campaigns":false,"_monsterinsights_skip_tracking":false,"_monsterinsights_sitenote_active":false,"_monsterinsights_sitenote_note":"","_monsterinsights_sitenote_category":0,"footnotes":""},"categories":[175,226],"tags":[195,223],"class_list":["post-8273","post","type-post","status-publish","format-standard","has-post-thumbnail","hentry","category-local","category-policia","tag-principal","tag-puebla"],"amp_enabled":true,"_links":{"self":[{"href":"https:\/\/lahora.mx\/index.php\/wp-json\/wp\/v2\/posts\/8273","targetHints":{"allow":["GET"]}}],"collection":[{"href":"https:\/\/lahora.mx\/index.php\/wp-json\/wp\/v2\/posts"}],"about":[{"href":"https:\/\/lahora.mx\/index.php\/wp-json\/wp\/v2\/types\/post"}],"author":[{"embeddable":true,"href":"https:\/\/lahora.mx\/index.php\/wp-json\/wp\/v2\/users\/4"}],"replies":[{"embeddable":true,"href":"https:\/\/lahora.mx\/index.php\/wp-json\/wp\/v2\/comments?post=8273"}],"version-history":[{"count":1,"href":"https:\/\/lahora.mx\/index.php\/wp-json\/wp\/v2\/posts\/8273\/revisions"}],"predecessor-version":[{"id":8275,"href":"https:\/\/lahora.mx\/index.php\/wp-json\/wp\/v2\/posts\/8273\/revisions\/8275"}],"wp:featuredmedia":[{"embeddable":true,"href":"https:\/\/lahora.mx\/index.php\/wp-json\/wp\/v2\/media\/8274"}],"wp:attachment":[{"href":"https:\/\/lahora.mx\/index.php\/wp-json\/wp\/v2\/media?parent=8273"}],"wp:term":[{"taxonomy":"category","embeddable":true,"href":"https:\/\/lahora.mx\/index.php\/wp-json\/wp\/v2\/categories?post=8273"},{"taxonomy":"post_tag","embeddable":true,"href":"https:\/\/lahora.mx\/index.php\/wp-json\/wp\/v2\/tags?post=8273"}],"curies":[{"name":"wp","href":"https:\/\/api.w.org\/{rel}","templated":true}]}}