{"id":8270,"date":"2022-06-16T14:07:23","date_gmt":"2022-06-16T14:07:23","guid":{"rendered":"http:\/\/lahora.mx\/?p=8270"},"modified":"2022-06-16T14:07:25","modified_gmt":"2022-06-16T14:07:25","slug":"da-inicio-el-registro-para-vacunar-a-los-de-5-a-11-anos","status":"publish","type":"post","link":"https:\/\/lahora.mx\/index.php\/2022\/06\/16\/da-inicio-el-registro-para-vacunar-a-los-de-5-a-11-anos\/","title":{"rendered":"Da inicio el registro para vacunar a los de 5 a 11 a\u00f1os"},"content":{"rendered":"\n<p>A partir de la noche del mi\u00e9rcoles se abri\u00f3 el registro para la vacunaci\u00f3n contra covid-19 para ni\u00f1os y ni\u00f1as de 5 a 11 a\u00f1os con el biol\u00f3gico Pfizer y se planea que en una primera etapa se apliquen cerca de 8 millones de dosis en M\u00e9xico.<\/p>\n\n\n\n<p>Para poder ingresar es necesario ir al sitio https:\/\/mivacuna.salud.gob.mx\/index.php y los padres o tutores de los menores deber\u00e1n ingresar el CURP de quien ser\u00e1 vacunado.<\/p>\n\n\n\n<p>Sin embargo, a\u00fan no se cuenta con la log\u00edstica de la aplicaci\u00f3n del biol\u00f3gico, por lo que se desconocen las fechas en que se llevar\u00e1n a cabo las jornadas.<\/p>\n\n\n\n<p>El pasado 14 de junio, el subsecretario de Prevenci\u00f3n y Promisi\u00f3n de la Salud, Hugo L\u00f3pez-Gatell Ram\u00edrez, explic\u00f3 que se aplicar\u00e1n por municipios, por lo que pidi\u00f3 estar pendiente a la convocatoria para cada demarcaci\u00f3n.<\/p>\n","protected":false},"excerpt":{"rendered":"<p>A partir de la noche del mi\u00e9rcoles se abri\u00f3 el registro para la vacunaci\u00f3n contra covid-19 para ni\u00f1os y ni\u00f1as de 5 a 11 a\u00f1os con el biol\u00f3gico Pfizer y se planea que en una primera etapa se apliquen cerca de 8 millones de dosis en M\u00e9xico. Para poder ingresar es necesario ir al sitio [&hellip;]<\/p>\n","protected":false},"author":4,"featured_media":8271,"comment_status":"open","ping_status":"open","sticky":false,"template":"","format":"standard","meta":{"om_disable_all_campaigns":false,"_monsterinsights_skip_tracking":false,"_monsterinsights_sitenote_active":false,"_monsterinsights_sitenote_note":"","_monsterinsights_sitenote_category":0,"footnotes":""},"categories":[175,176],"tags":[195],"class_list":["post-8270","post","type-post","status-publish","format-standard","has-post-thumbnail","hentry","category-local","category-nacional","tag-principal"],"amp_enabled":true,"_links":{"self":[{"href":"https:\/\/lahora.mx\/index.php\/wp-json\/wp\/v2\/posts\/8270","targetHints":{"allow":["GET"]}}],"collection":[{"href":"https:\/\/lahora.mx\/index.php\/wp-json\/wp\/v2\/posts"}],"about":[{"href":"https:\/\/lahora.mx\/index.php\/wp-json\/wp\/v2\/types\/post"}],"author":[{"embeddable":true,"href":"https:\/\/lahora.mx\/index.php\/wp-json\/wp\/v2\/users\/4"}],"replies":[{"embeddable":true,"href":"https:\/\/lahora.mx\/index.php\/wp-json\/wp\/v2\/comments?post=8270"}],"version-history":[{"count":1,"href":"https:\/\/lahora.mx\/index.php\/wp-json\/wp\/v2\/posts\/8270\/revisions"}],"predecessor-version":[{"id":8272,"href":"https:\/\/lahora.mx\/index.php\/wp-json\/wp\/v2\/posts\/8270\/revisions\/8272"}],"wp:featuredmedia":[{"embeddable":true,"href":"https:\/\/lahora.mx\/index.php\/wp-json\/wp\/v2\/media\/8271"}],"wp:attachment":[{"href":"https:\/\/lahora.mx\/index.php\/wp-json\/wp\/v2\/media?parent=8270"}],"wp:term":[{"taxonomy":"category","embeddable":true,"href":"https:\/\/lahora.mx\/index.php\/wp-json\/wp\/v2\/categories?post=8270"},{"taxonomy":"post_tag","embeddable":true,"href":"https:\/\/lahora.mx\/index.php\/wp-json\/wp\/v2\/tags?post=8270"}],"curies":[{"name":"wp","href":"https:\/\/api.w.org\/{rel}","templated":true}]}}