{"id":8267,"date":"2022-06-16T13:43:28","date_gmt":"2022-06-16T13:43:28","guid":{"rendered":"http:\/\/lahora.mx\/?p=8267"},"modified":"2022-06-16T13:43:29","modified_gmt":"2022-06-16T13:43:29","slug":"un-incremento-de-75-puntos-base-su-tasa-de-interes-en-la-fed-su-mayor-alza-desde-1994","status":"publish","type":"post","link":"https:\/\/lahora.mx\/index.php\/2022\/06\/16\/un-incremento-de-75-puntos-base-su-tasa-de-interes-en-la-fed-su-mayor-alza-desde-1994\/","title":{"rendered":"Un incremento de 75 puntos base su tasa de inter\u00e9s en la Fed; su mayor alza desde 1994"},"content":{"rendered":"\n<p>La Reserva Federal estadounidense (Fed), \u00abfuertemente determinada a llevar la inflaci\u00f3n a su objetivo de 2%\u00bb anual, aument\u00f3 sus tasas de inter\u00e9s de referencia en tres cuartos de punto porcentual este mi\u00e9rcoles, el mayor incremento desde 1994, seg\u00fan un comunicado oficial.<\/p>\n\n\n\n<p>Se trata de la tercera alza consecutiva y lleva las tasas de referencia a un rango de 1.5-1.75 por ciento.<\/p>\n\n\n\n<p>El organismo tambi\u00e9n aument\u00f3 su pron\u00f3stico de inflaci\u00f3n para 2022 a 5.2% y recort\u00f3 su previsi\u00f3n de crecimiento a 1.7%, al t\u00e9rmino de una reuni\u00f3n de dos d\u00edas de su comit\u00e9 de pol\u00edtica monetaria.<\/p>\n\n\n\n<p>La perspectiva de un aumento mayor agit\u00f3 a los mercados desde la semana pasada, luego de conocerse un dato de inflaci\u00f3n en Estados Unidos para el mes de mayo publicado el viernes pasado.<\/p>\n\n\n\n<p>El dato de precios al consumo dio cuenta de un incremento r\u00e9cord en 40 a\u00f1os en la medici\u00f3n a 12 meses, con un 8.6 por ciento.<\/p>\n\n\n\n<p>Los mercados y algunos economistas r\u00e1pidamente concluyeron que las tasas tambi\u00e9n podr\u00edan subir m\u00e1s de lo esperado, no medio punto porcentual (o 50 puntos b\u00e1sicos), sino tres cuartos de punto (75 puntos b\u00e1sicos), como finalmente ocurri\u00f3.<\/p>\n\n\n\n<p>Se trata del mayor aumento de tasas en m\u00e1s de 27 a\u00f1os.<\/p>\n\n\n\n<p>\u00abTenemos muchas esperanzas de que la Fed solo aumente 50 puntos b\u00e1sicos hoy, pero el frenes\u00ed del mercado y de los medios en los \u00faltimos d\u00edas (\u2026) obviamente hace que los 75 puntos b\u00e1sicos sean mucho m\u00e1s probables\u00bb, se lamentaba antes del anuncio el economista Ian Shepherdson, de Pantheon Macroeconomics, en una nota de an\u00e1lisis.<\/p>\n\n\n\n<p>Credibilidad en juego<br>Las alzas en las tasas directrices aumentan el costo de los pr\u00e9stamos que los bancos comerciales otorgan a sus clientes.<\/p>\n\n\n\n<p>La Fed est\u00e1 luchando a\u00fan m\u00e1s para frenar la inflaci\u00f3n porque su credibilidad est\u00e1 en juego. Sus funcionarios afirmaron durante meses que este aumento de precios solo ser\u00eda temporal y, por lo tanto, reci\u00e9n comenzaron a apretar las tuercas en marzo.<\/p>\n\n\n\n<p>\u00abEn retrospectiva, (\u2026) probablemente hubiera sido mejor subir las tasas antes\u00bb, admiti\u00f3 el presidente del organismo, Jerome Powell el mes pasado, en una entrevista con The Wall Street Journal.<\/p>\n\n\n\n<p>La secretaria del Tesoro de Joe Biden, Janet Yellen, tambi\u00e9n admiti\u00f3 que no hab\u00eda previsto este aumento de precios.<\/p>\n\n\n\n<p>La Fed es independiente del gobierno federal, pero Powell fue recibido recientemente por Biden en la Casa Blanca, junto con Yellen, para una rara reuni\u00f3n dedicada a la inflaci\u00f3n.<\/p>\n\n\n\n<p>La Fed debe por otra parte tener cuidado al frenar deliberadamente la econom\u00eda, para no hundirla en una recesi\u00f3n.<\/p>\n\n\n\n<p>El Comit\u00e9 Monetario de la Fed se re\u00fane por primera vez desde que Powell comenz\u00f3 oficialmente su segundo mandato el 23 de mayo y Lael Brainard se convirti\u00f3 en vicepresidenta de la instituci\u00f3n. Esta reuni\u00f3n tambi\u00e9n marca la llegada de dos nuevos gobernadores, Lisa Cook y Philip Jefferson al organismo.<\/p>\n\n\n\n<p>Powell dar\u00e1 a continuaci\u00f3n su rueda de prensa habitual tras la difusi\u00f3n del comunicado al t\u00e9rmino de la reuni\u00f3n.<\/p>\n","protected":false},"excerpt":{"rendered":"<p>La Reserva Federal estadounidense (Fed), \u00abfuertemente determinada a llevar la inflaci\u00f3n a su objetivo de 2%\u00bb anual, aument\u00f3 sus tasas de inter\u00e9s de referencia en tres cuartos de punto porcentual este mi\u00e9rcoles, el mayor incremento desde 1994, seg\u00fan un comunicado oficial. Se trata de la tercera alza consecutiva y lleva las tasas de referencia a [&hellip;]<\/p>\n","protected":false},"author":4,"featured_media":8268,"comment_status":"open","ping_status":"open","sticky":false,"template":"","format":"standard","meta":{"om_disable_all_campaigns":false,"_monsterinsights_skip_tracking":false,"_monsterinsights_sitenote_active":false,"_monsterinsights_sitenote_note":"","_monsterinsights_sitenote_category":0,"footnotes":""},"categories":[176],"tags":[],"class_list":["post-8267","post","type-post","status-publish","format-standard","has-post-thumbnail","hentry","category-nacional"],"amp_enabled":true,"_links":{"self":[{"href":"https:\/\/lahora.mx\/index.php\/wp-json\/wp\/v2\/posts\/8267","targetHints":{"allow":["GET"]}}],"collection":[{"href":"https:\/\/lahora.mx\/index.php\/wp-json\/wp\/v2\/posts"}],"about":[{"href":"https:\/\/lahora.mx\/index.php\/wp-json\/wp\/v2\/types\/post"}],"author":[{"embeddable":true,"href":"https:\/\/lahora.mx\/index.php\/wp-json\/wp\/v2\/users\/4"}],"replies":[{"embeddable":true,"href":"https:\/\/lahora.mx\/index.php\/wp-json\/wp\/v2\/comments?post=8267"}],"version-history":[{"count":1,"href":"https:\/\/lahora.mx\/index.php\/wp-json\/wp\/v2\/posts\/8267\/revisions"}],"predecessor-version":[{"id":8269,"href":"https:\/\/lahora.mx\/index.php\/wp-json\/wp\/v2\/posts\/8267\/revisions\/8269"}],"wp:featuredmedia":[{"embeddable":true,"href":"https:\/\/lahora.mx\/index.php\/wp-json\/wp\/v2\/media\/8268"}],"wp:attachment":[{"href":"https:\/\/lahora.mx\/index.php\/wp-json\/wp\/v2\/media?parent=8267"}],"wp:term":[{"taxonomy":"category","embeddable":true,"href":"https:\/\/lahora.mx\/index.php\/wp-json\/wp\/v2\/categories?post=8267"},{"taxonomy":"post_tag","embeddable":true,"href":"https:\/\/lahora.mx\/index.php\/wp-json\/wp\/v2\/tags?post=8267"}],"curies":[{"name":"wp","href":"https:\/\/api.w.org\/{rel}","templated":true}]}}