{"id":8261,"date":"2022-06-15T13:21:00","date_gmt":"2022-06-15T13:21:00","guid":{"rendered":"http:\/\/lahora.mx\/?p=8261"},"modified":"2022-06-16T13:33:06","modified_gmt":"2022-06-16T13:33:06","slug":"una-alza-de-la-fed-abre-la-puerta-para-un-incremento-similar-por-parte-del-banxico","status":"publish","type":"post","link":"https:\/\/lahora.mx\/index.php\/2022\/06\/15\/una-alza-de-la-fed-abre-la-puerta-para-un-incremento-similar-por-parte-del-banxico\/","title":{"rendered":"Una alza de la Fed abre la puerta para un incremento similar por parte del Banxico"},"content":{"rendered":"\n<p>El alza de 75 puntos base en la tasa de referencia de la Reserva Federal (Fed) de Estados Unidos abre la puerta para que el Banco de M\u00e9xico (Banxico) realice un incremento similar la siguiente semana, cuando se lleve a cabo su reuni\u00f3n de pol\u00edtica monetaria.<\/p>\n\n\n\n<p>\u201cDe entrada, Banxico tiene una pol\u00edtica espejo, por as\u00ed decirlo, de la FED. Seguramente lo que vamos a observar es una presi\u00f3n en la decisi\u00f3n de la siguiente semana del banco central, en donde se incremente 75 puntos base la tasa de referencia\u201d, explic\u00f3 James Salazar, subdirector de An\u00e1lisis Econ\u00f3mico de CIBanco.<\/p>\n\n\n\n<p>En la \u00faltima reuni\u00f3n del banco central mexicano, s\u00f3lo la subgobernadora Irene Espinosa vot\u00f3 a favor de un incremento de la tasa de inter\u00e9s en 75 puntos base. Si bien la decisi\u00f3n fue un alza de 50 puntos, la gobernadora Victoria Rodr\u00edguez Ceja indic\u00f3 que, de ser necesario, los aumentos podr\u00edan ser mayores.<\/p>\n\n\n\n<p>En este tenor, Salazar apunt\u00f3 que esperan que la siguiente semana la decisi\u00f3n para un alza de 75 puntos base sea dividida, con tres votos a favor y dos m\u00e1s que opten por un incremento m\u00e1s moderado.<\/p>\n\n\n\n<p>Actualmente, Banxico tiene la tasa de inter\u00e9s objetivo en 7.00 por ciento. De observarse un incremento de 75 puntos base en su pr\u00f3xima reuni\u00f3n, Gabriela Siller, directora de An\u00e1lisis Econ\u00f3mico y Financiero de Banco Base, prev\u00e9 que la tasa pueda cerrar el a\u00f1o en un nivel hist\u00f3rico, por arriba de 9.00 por ciento.<\/p>\n\n\n\n<p>En meses recientes, los bancos centrales alrededor del mundo han incrementado sus tasas de inter\u00e9s ante los altos niveles de inflaci\u00f3n que se han observado. En M\u00e9xico, los precios al consumidor han incrementado, de manera anual, m\u00e1s de 7% en los \u00faltimos meses, muy por arriba del objetivo de Banxico de una inflaci\u00f3n de 3% +\/- 1 punto porcentual.<\/p>\n","protected":false},"excerpt":{"rendered":"<p>El alza de 75 puntos base en la tasa de referencia de la Reserva Federal (Fed) de Estados Unidos abre la puerta para que el Banco de M\u00e9xico (Banxico) realice un incremento similar la siguiente semana, cuando se lleve a cabo su reuni\u00f3n de pol\u00edtica monetaria. \u201cDe entrada, Banxico tiene una pol\u00edtica espejo, por as\u00ed [&hellip;]<\/p>\n","protected":false},"author":4,"featured_media":8262,"comment_status":"open","ping_status":"open","sticky":false,"template":"","format":"standard","meta":{"om_disable_all_campaigns":false,"_monsterinsights_skip_tracking":false,"_monsterinsights_sitenote_active":false,"_monsterinsights_sitenote_note":"","_monsterinsights_sitenote_category":0,"footnotes":""},"categories":[176],"tags":[],"class_list":["post-8261","post","type-post","status-publish","format-standard","has-post-thumbnail","hentry","category-nacional"],"amp_enabled":true,"_links":{"self":[{"href":"https:\/\/lahora.mx\/index.php\/wp-json\/wp\/v2\/posts\/8261","targetHints":{"allow":["GET"]}}],"collection":[{"href":"https:\/\/lahora.mx\/index.php\/wp-json\/wp\/v2\/posts"}],"about":[{"href":"https:\/\/lahora.mx\/index.php\/wp-json\/wp\/v2\/types\/post"}],"author":[{"embeddable":true,"href":"https:\/\/lahora.mx\/index.php\/wp-json\/wp\/v2\/users\/4"}],"replies":[{"embeddable":true,"href":"https:\/\/lahora.mx\/index.php\/wp-json\/wp\/v2\/comments?post=8261"}],"version-history":[{"count":1,"href":"https:\/\/lahora.mx\/index.php\/wp-json\/wp\/v2\/posts\/8261\/revisions"}],"predecessor-version":[{"id":8263,"href":"https:\/\/lahora.mx\/index.php\/wp-json\/wp\/v2\/posts\/8261\/revisions\/8263"}],"wp:featuredmedia":[{"embeddable":true,"href":"https:\/\/lahora.mx\/index.php\/wp-json\/wp\/v2\/media\/8262"}],"wp:attachment":[{"href":"https:\/\/lahora.mx\/index.php\/wp-json\/wp\/v2\/media?parent=8261"}],"wp:term":[{"taxonomy":"category","embeddable":true,"href":"https:\/\/lahora.mx\/index.php\/wp-json\/wp\/v2\/categories?post=8261"},{"taxonomy":"post_tag","embeddable":true,"href":"https:\/\/lahora.mx\/index.php\/wp-json\/wp\/v2\/tags?post=8261"}],"curies":[{"name":"wp","href":"https:\/\/api.w.org\/{rel}","templated":true}]}}