{"id":8255,"date":"2022-06-16T13:11:02","date_gmt":"2022-06-16T13:11:02","guid":{"rendered":"http:\/\/lahora.mx\/?p=8255"},"modified":"2022-06-16T13:11:04","modified_gmt":"2022-06-16T13:11:04","slug":"son-detenidos-5-hombres-que-son-responsables-del-linchamiento-de-daniel-picazo","status":"publish","type":"post","link":"https:\/\/lahora.mx\/index.php\/2022\/06\/16\/son-detenidos-5-hombres-que-son-responsables-del-linchamiento-de-daniel-picazo\/","title":{"rendered":"Son detenidos 5 hombres que son responsables del linchamiento de Daniel Picazo"},"content":{"rendered":"\n<p>Al menos cinco de las personas responsables de originar el linchamiento de Daniel Picazo fueron detenidas por los elementos de la Agencia Estatal de Investigaci\u00f3n (AEI), en la junta auxiliar Papatlazolco del municipio de Huauchinango.<br><br>Los agentes de la corporaci\u00f3n que pertenece a la Fiscal\u00eda General del Estado (FGE) las trasladaron ante un Juez de Control para que les finque los cargos correspondientes.<\/p>\n\n\n\n<p>Los elementos contin\u00faan en la b\u00fasqueda de otras ocho personas debido a que el padre de la v\u00edctima, Nicandro Picazo, revel\u00f3 ayer martes 14 de junio que al menos eran 13 los responsables, lo cual le confi\u00f3 la FGE.<br>Daniel Picazo, abogado que colaboraba en la C\u00e1mara de Diputados, conduc\u00eda la noche del viernes 11 de junio su camioneta, en la junta auxiliar Papatlazolco.<br>De acuerdo con la FGE, pobladores retuvieron el veh\u00edculo por considerarlo sospechoso.<\/p>\n\n\n\n<p>Posteriormente, al ser se\u00f1alado por el supuesto secuestro de menores, bajaron a Daniel, lo golpearon y le prendieron fuego a \u00e9l y a la camioneta.<\/p>\n\n\n\n<p>Los hechos se registraron en la explanada de la cancha de basquetbol de la comunidad y la Fiscal\u00eda General del Estado de inmediato inici\u00f3 la investigaci\u00f3n.<\/p>\n\n\n\n<p>La dependencia solicit\u00f3 y obtuvo \u00f3rdenes de cateo a 12 inmuebles y logr\u00f3 la aprehensi\u00f3n de cinco hombres: \u00d3scar N., Alejandro N., Raymundo N., Abraham N. y Oswaldo N.<\/p>\n\n\n\n<p>La detenci\u00f3n se realiz\u00f3 en las primeras horas de este mi\u00e9rcoles 15 de junio de 2022, con personal de la instituci\u00f3n y con la colaboraci\u00f3n de elementos de la Polic\u00eda Estatal y de la Guardia Nacional.<\/p>\n","protected":false},"excerpt":{"rendered":"<p>Al menos cinco de las personas responsables de originar el linchamiento de Daniel Picazo fueron detenidas por los elementos de la Agencia Estatal de Investigaci\u00f3n (AEI), en la junta auxiliar Papatlazolco del municipio de Huauchinango. Los agentes de la corporaci\u00f3n que pertenece a la Fiscal\u00eda General del Estado (FGE) las trasladaron ante un Juez de [&hellip;]<\/p>\n","protected":false},"author":4,"featured_media":8256,"comment_status":"open","ping_status":"open","sticky":false,"template":"","format":"standard","meta":{"om_disable_all_campaigns":false,"_monsterinsights_skip_tracking":false,"_monsterinsights_sitenote_active":false,"_monsterinsights_sitenote_note":"","_monsterinsights_sitenote_category":0,"footnotes":""},"categories":[175],"tags":[223],"class_list":["post-8255","post","type-post","status-publish","format-standard","has-post-thumbnail","hentry","category-local","tag-puebla"],"amp_enabled":true,"_links":{"self":[{"href":"https:\/\/lahora.mx\/index.php\/wp-json\/wp\/v2\/posts\/8255","targetHints":{"allow":["GET"]}}],"collection":[{"href":"https:\/\/lahora.mx\/index.php\/wp-json\/wp\/v2\/posts"}],"about":[{"href":"https:\/\/lahora.mx\/index.php\/wp-json\/wp\/v2\/types\/post"}],"author":[{"embeddable":true,"href":"https:\/\/lahora.mx\/index.php\/wp-json\/wp\/v2\/users\/4"}],"replies":[{"embeddable":true,"href":"https:\/\/lahora.mx\/index.php\/wp-json\/wp\/v2\/comments?post=8255"}],"version-history":[{"count":1,"href":"https:\/\/lahora.mx\/index.php\/wp-json\/wp\/v2\/posts\/8255\/revisions"}],"predecessor-version":[{"id":8257,"href":"https:\/\/lahora.mx\/index.php\/wp-json\/wp\/v2\/posts\/8255\/revisions\/8257"}],"wp:featuredmedia":[{"embeddable":true,"href":"https:\/\/lahora.mx\/index.php\/wp-json\/wp\/v2\/media\/8256"}],"wp:attachment":[{"href":"https:\/\/lahora.mx\/index.php\/wp-json\/wp\/v2\/media?parent=8255"}],"wp:term":[{"taxonomy":"category","embeddable":true,"href":"https:\/\/lahora.mx\/index.php\/wp-json\/wp\/v2\/categories?post=8255"},{"taxonomy":"post_tag","embeddable":true,"href":"https:\/\/lahora.mx\/index.php\/wp-json\/wp\/v2\/tags?post=8255"}],"curies":[{"name":"wp","href":"https:\/\/api.w.org\/{rel}","templated":true}]}}