{"id":82085,"date":"2026-05-03T07:51:44","date_gmt":"2026-05-03T07:51:44","guid":{"rendered":"https:\/\/lahora.mx\/?p=82085"},"modified":"2026-05-03T07:51:44","modified_gmt":"2026-05-03T07:51:44","slug":"hay-clases-el-4-y-5-de-mayo-en-puebla-esto-dice-la-sep","status":"publish","type":"post","link":"https:\/\/lahora.mx\/index.php\/2026\/05\/03\/hay-clases-el-4-y-5-de-mayo-en-puebla-esto-dice-la-sep\/","title":{"rendered":"\u00bfHay clases el 4 y 5 de mayo en Puebla? Esto dice la SEP"},"content":{"rendered":"\n<p>Con la llegada del&nbsp;<strong>megapuente de mayo<\/strong>, una de las dudas m\u00e1s frecuentes entre padres de familia y estudiantes en Puebla es si habr\u00e1 clases el lunes 4 y martes 5 de mayo de 2026. Aqu\u00ed te explicamos qu\u00e9 dice el&nbsp;<strong>calendario oficial&nbsp;<\/strong>y qu\u00e9 aplica en el estado.<\/p>\n\n\n\n<p>En mayo, los poblanos celebran su feria y se desarrollan diversas&nbsp;<strong>actividades escolares<\/strong>&nbsp;y culturales para recordar y conmemorar el triunfo que el&nbsp;<strong>Ej\u00e9rcito de Oriente<\/strong>&nbsp;tuvo sobre el Ej\u00e9rcito de Francia en la&nbsp;<a href=\"https:\/\/www.eluniversalpuebla.com.mx\/estado\/que-paso-en-la-batalla-de-puebla-el-5-de-mayo\/\" target=\"_blank\" rel=\"noreferrer noopener\"><strong>Batalla del 5 de Mayo de 1862<\/strong><\/a>.<\/p>\n\n\n\n<h2 class=\"wp-block-heading\">\u00bfHay clases el lunes 4 de mayo en Puebla?<\/h2>\n\n\n\n<p>De acuerdo con el calendario escolar vigente de la&nbsp;<a href=\"https:\/\/sep.puebla.gob.mx\/\" target=\"_blank\" rel=\"noreferrer noopener\"><strong>Secretar\u00eda de Educaci\u00f3n P\u00fablica (SEP)<\/strong><\/a>, el lunes 4 de mayo s\u00ed hay clases con normalidad para estudiantes de nivel b\u00e1sico, que incluye preescolar, primaria y secundaria.<\/p>\n\n\n\n<p>De acuerdo con el \u00e1rea de&nbsp;<strong>Comunicaci\u00f3n Social de la SEP&nbsp;<\/strong>en Puebla, aunque el fin de semana largo inici\u00f3 desde el viernes 1 de mayo por el&nbsp;<strong>D\u00eda del Trabajo<\/strong>, este no se extiende de manera oficial hasta el lunes 4, por lo que las actividades escolares se reanudar\u00e1n ese d\u00eda en Puebla y en el resto del pa\u00eds.<\/p>\n\n\n\n<p>La confusi\u00f3n surge porque muchas familias optan por tomar d\u00edas adicionales de descanso, especialmente cuando hay celebraciones importantes cercanas, como el 5 de mayo. Sin embargo, esto no est\u00e1 contemplado oficialmente en el calendario escolar, por lo que las ausencias podr\u00edan considerarse faltas.<\/p>\n\n\n\n<h2 class=\"wp-block-heading\">\u00bfHay clases el martes 5 de mayo en Puebla?<\/h2>\n\n\n\n<p>El martes 5 de mayo no hay clases en Puebla, ya que se conmemorar\u00e1 el&nbsp;<strong>164 aniversario de la Batalla de Puebla<\/strong>, una fecha c\u00edvica de gran relevancia en el estado.<\/p>\n\n\n\n<p>A diferencia de otras entidades, en Puebla este d\u00eda suele ser inh\u00e1bil para estudiantes de educaci\u00f3n b\u00e1sica, debido a los actos conmemorativos, como el tradicional desfile c\u00edvico-militar.<\/p>\n\n\n\n<p>De acuerdo con la&nbsp;<strong>SEP en Puebla<\/strong>, el martes 5 de mayo no habr\u00e1 clases debido al desfile c\u00edvico-militar, que comenzar\u00e1 a las 10:00 horas en el mausoleo al general Ignacio Zaragoza y terminar\u00e1 en el bulevar 5 de Mayo y la avenida 25 Oriente.<\/p>\n\n\n\n<p>En un recorrido de casi 4 kil\u00f3metros participar\u00e1n 30 escuelas con 10 mil 500 alumnos y docentes, as\u00ed como 10 carros aleg\u00f3ricos.<\/p>\n","protected":false},"excerpt":{"rendered":"<p>Con la llegada del&nbsp;megapuente de mayo, una de las dudas m\u00e1s frecuentes entre padres de familia y estudiantes en Puebla es si habr\u00e1 clases el lunes 4 y martes 5 de mayo de 2026. Aqu\u00ed te explicamos qu\u00e9 dice el&nbsp;calendario oficial&nbsp;y qu\u00e9 aplica en el estado. En mayo, los poblanos celebran su feria y se [&hellip;]<\/p>\n","protected":false},"author":1,"featured_media":82086,"comment_status":"open","ping_status":"open","sticky":false,"template":"","format":"standard","meta":{"om_disable_all_campaigns":false,"_monsterinsights_skip_tracking":false,"_monsterinsights_sitenote_active":false,"_monsterinsights_sitenote_note":"","_monsterinsights_sitenote_category":0,"footnotes":""},"categories":[175],"tags":[223],"class_list":["post-82085","post","type-post","status-publish","format-standard","has-post-thumbnail","hentry","category-local","tag-puebla"],"amp_enabled":true,"_links":{"self":[{"href":"https:\/\/lahora.mx\/index.php\/wp-json\/wp\/v2\/posts\/82085","targetHints":{"allow":["GET"]}}],"collection":[{"href":"https:\/\/lahora.mx\/index.php\/wp-json\/wp\/v2\/posts"}],"about":[{"href":"https:\/\/lahora.mx\/index.php\/wp-json\/wp\/v2\/types\/post"}],"author":[{"embeddable":true,"href":"https:\/\/lahora.mx\/index.php\/wp-json\/wp\/v2\/users\/1"}],"replies":[{"embeddable":true,"href":"https:\/\/lahora.mx\/index.php\/wp-json\/wp\/v2\/comments?post=82085"}],"version-history":[{"count":1,"href":"https:\/\/lahora.mx\/index.php\/wp-json\/wp\/v2\/posts\/82085\/revisions"}],"predecessor-version":[{"id":82087,"href":"https:\/\/lahora.mx\/index.php\/wp-json\/wp\/v2\/posts\/82085\/revisions\/82087"}],"wp:featuredmedia":[{"embeddable":true,"href":"https:\/\/lahora.mx\/index.php\/wp-json\/wp\/v2\/media\/82086"}],"wp:attachment":[{"href":"https:\/\/lahora.mx\/index.php\/wp-json\/wp\/v2\/media?parent=82085"}],"wp:term":[{"taxonomy":"category","embeddable":true,"href":"https:\/\/lahora.mx\/index.php\/wp-json\/wp\/v2\/categories?post=82085"},{"taxonomy":"post_tag","embeddable":true,"href":"https:\/\/lahora.mx\/index.php\/wp-json\/wp\/v2\/tags?post=82085"}],"curies":[{"name":"wp","href":"https:\/\/api.w.org\/{rel}","templated":true}]}}