{"id":82078,"date":"2026-05-03T07:30:00","date_gmt":"2026-05-03T07:30:00","guid":{"rendered":"https:\/\/lahora.mx\/?p=82078"},"modified":"2026-05-03T07:41:11","modified_gmt":"2026-05-03T07:41:11","slug":"granizada-dana-cultivos-en-puebla","status":"publish","type":"post","link":"https:\/\/lahora.mx\/index.php\/2026\/05\/03\/granizada-dana-cultivos-en-puebla\/","title":{"rendered":"Granizada da\u00f1a cultivos en Puebla"},"content":{"rendered":"\n<p>Una&nbsp;<strong>intensa granizada<\/strong>&nbsp;registrada la tarde de este&nbsp;<strong>2 de mayo<\/strong>&nbsp;provoc\u00f3&nbsp;<strong>da\u00f1os severos en cultivos hort\u00edcolas<\/strong>&nbsp;en diversos municipios de Puebla, entre ellos&nbsp;<strong>Zacatepec, San Salvador El Seco, Quecholac y Tepeaca<\/strong>, donde productores reportaron&nbsp;<strong>p\u00e9rdidas totales en algunas parcelas<\/strong>.<\/p>\n\n\n\n<p>De acuerdo con reportes ciudadanos, el fen\u00f3meno se present\u00f3 con mayor intensidad en la zona conocida como&nbsp;<strong>La Recta, vialidad que une a El Seco y Zacatepec,<\/strong>&nbsp;donde la ca\u00edda de granizo cubri\u00f3 extensas \u00e1reas de cultivo.<\/p>\n\n\n\n<figure class=\"wp-block-embed is-type-rich is-provider-twitter wp-block-embed-twitter\"><div class=\"wp-block-embed__wrapper\">\n<blockquote class=\"twitter-tweet\" data-width=\"550\" data-dnt=\"true\"><p lang=\"es\" dir=\"ltr\">Fuerte granizada azot\u00f3 este tarde los municipios de Acatzingo, El Seco, Zacatepec y Tepeaca en Puebla cubriendo de blanco los cultivos. <a href=\"https:\/\/t.co\/qg4Qe0A4Lc\">pic.twitter.com\/qg4Qe0A4Lc<\/a><\/p>&mdash; La Hora (@LaHoraMX) <a href=\"https:\/\/twitter.com\/LaHoraMX\/status\/2050780640564383912?ref_src=twsrc%5Etfw\">May 3, 2026<\/a><\/blockquote><script async src=\"https:\/\/platform.twitter.com\/widgets.js\" charset=\"utf-8\"><\/script>\n<\/div><\/figure>\n\n\n\n<p><a href=\"https:\/\/oem.com.mx\/elsoldepuebla\/local\/autoridades-en-proceso-de-levantar-censo-sobre-danos-tras-granizada-en-atlixco-29624947\"><\/a><a href=\"https:\/\/oem.com.mx\/elsoldepuebla\/local\/autoridades-en-proceso-de-levantar-censo-sobre-danos-tras-granizada-en-atlixco-29624947\"><\/a>Habitantes de la zona estimaron que las&nbsp;<strong>p\u00e9rdidas en el sector agr\u00edcola<\/strong>&nbsp;podr\u00edan ser severas debido a&nbsp;<strong>la magnitud de las afectaciones en cultivos,<\/strong>&nbsp;principalmente hortalizas, aunque hasta el momento no se cuenta con una evaluaci\u00f3n oficial de los da\u00f1os.<\/p>\n\n\n\n<p>En otros puntos del estado tambi\u00e9n se registraron precipitaciones similares. Habitantes de&nbsp;<strong>Santiago Acatl\u00e1n, en Tepeaca<\/strong>, informaron sobre la presencia de granizo, este \u00faltimo municipio en el marco de su feria patronal.<\/p>\n\n\n\n<p><\/p>\n","protected":false},"excerpt":{"rendered":"<p>Una&nbsp;intensa granizada&nbsp;registrada la tarde de este&nbsp;2 de mayo&nbsp;provoc\u00f3&nbsp;da\u00f1os severos en cultivos hort\u00edcolas&nbsp;en diversos municipios de Puebla, entre ellos&nbsp;Zacatepec, San Salvador El Seco, Quecholac y Tepeaca, donde productores reportaron&nbsp;p\u00e9rdidas totales en algunas parcelas. De acuerdo con reportes ciudadanos, el fen\u00f3meno se present\u00f3 con mayor intensidad en la zona conocida como&nbsp;La Recta, vialidad que une a El [&hellip;]<\/p>\n","protected":false},"author":1,"featured_media":82079,"comment_status":"open","ping_status":"open","sticky":false,"template":"","format":"standard","meta":{"om_disable_all_campaigns":false,"_monsterinsights_skip_tracking":false,"_monsterinsights_sitenote_active":false,"_monsterinsights_sitenote_note":"","_monsterinsights_sitenote_category":0,"footnotes":""},"categories":[175],"tags":[195,223],"class_list":["post-82078","post","type-post","status-publish","format-standard","has-post-thumbnail","hentry","category-local","tag-principal","tag-puebla"],"amp_enabled":true,"_links":{"self":[{"href":"https:\/\/lahora.mx\/index.php\/wp-json\/wp\/v2\/posts\/82078","targetHints":{"allow":["GET"]}}],"collection":[{"href":"https:\/\/lahora.mx\/index.php\/wp-json\/wp\/v2\/posts"}],"about":[{"href":"https:\/\/lahora.mx\/index.php\/wp-json\/wp\/v2\/types\/post"}],"author":[{"embeddable":true,"href":"https:\/\/lahora.mx\/index.php\/wp-json\/wp\/v2\/users\/1"}],"replies":[{"embeddable":true,"href":"https:\/\/lahora.mx\/index.php\/wp-json\/wp\/v2\/comments?post=82078"}],"version-history":[{"count":2,"href":"https:\/\/lahora.mx\/index.php\/wp-json\/wp\/v2\/posts\/82078\/revisions"}],"predecessor-version":[{"id":82081,"href":"https:\/\/lahora.mx\/index.php\/wp-json\/wp\/v2\/posts\/82078\/revisions\/82081"}],"wp:featuredmedia":[{"embeddable":true,"href":"https:\/\/lahora.mx\/index.php\/wp-json\/wp\/v2\/media\/82079"}],"wp:attachment":[{"href":"https:\/\/lahora.mx\/index.php\/wp-json\/wp\/v2\/media?parent=82078"}],"wp:term":[{"taxonomy":"category","embeddable":true,"href":"https:\/\/lahora.mx\/index.php\/wp-json\/wp\/v2\/categories?post=82078"},{"taxonomy":"post_tag","embeddable":true,"href":"https:\/\/lahora.mx\/index.php\/wp-json\/wp\/v2\/tags?post=82078"}],"curies":[{"name":"wp","href":"https:\/\/api.w.org\/{rel}","templated":true}]}}