{"id":82075,"date":"2026-05-03T07:31:42","date_gmt":"2026-05-03T07:31:42","guid":{"rendered":"https:\/\/lahora.mx\/?p=82075"},"modified":"2026-05-03T07:31:43","modified_gmt":"2026-05-03T07:31:43","slug":"nuevo-golf-se-ensamblara-en-puebla","status":"publish","type":"post","link":"https:\/\/lahora.mx\/index.php\/2026\/05\/03\/nuevo-golf-se-ensamblara-en-puebla\/","title":{"rendered":"Nuevo Golf se ensamblar\u00e1 en Puebla"},"content":{"rendered":"\n<p>La planta armadora de&nbsp;<strong>Volkswagen en Puebla<\/strong>&nbsp;ensamblar\u00e1 las nuevas versiones de su modelo&nbsp;<strong>Golf<\/strong>, confirm\u00f3 el secretario general del Sindicato Independiente de Trabajadores de la Industria Automotriz Volkswagen (<strong>Sitiavw<\/strong>), Hugo Tlalpan Luna.<\/p>\n\n\n\n<p>Adelant\u00f3 que \u00abpr\u00e1cticamente vienen&nbsp;<a href=\"https:\/\/www.e-consulta.com\/nota\/2026-02-25\/economia\/volkswagen-de-puebla-se-prepara-para-el-regreso-del-modelo-golf\" target=\"_blank\" rel=\"noreferrer noopener\"><strong>varias versiones del Golf<\/strong><\/a>. Dennos la oportunidad, ya tenemos la informaci\u00f3n\u00bb, pero evit\u00f3 dar detalles sobre cu\u00e1les llegar\u00e1n a la entidad.<\/p>\n\n\n\n<p>Desde inicios de 2025 se confirm\u00f3 que&nbsp;<a href=\"https:\/\/www.e-consulta.com\/nota\/2021-02-25\/economia\/dan-adios-definitivo-al-modelo-golf-en-planta-vw-de-puebla\" target=\"_blank\" rel=\"noreferrer noopener\"><strong>Volkswagen<\/strong>&nbsp;dejar\u00eda de&nbsp;<strong>fabricar el modelo Golf<\/strong><\/a>&nbsp;en Alemania para trasladar su producci\u00f3n a Puebla a partir de 2027.<\/p>\n\n\n\n<p>Recientemente tambi\u00e9n la marca alemana inform\u00f3 que el modelo Golf , a partir de este 2026, tendr\u00e1 un sistema\u00a0<strong>full-hybrid<\/strong>\u00a0para que en 2027 toda su producci\u00f3n se traslad\u00e9 a M\u00e9xico en la planta de Puebla.<\/p>\n","protected":false},"excerpt":{"rendered":"<p>La planta armadora de&nbsp;Volkswagen en Puebla&nbsp;ensamblar\u00e1 las nuevas versiones de su modelo&nbsp;Golf, confirm\u00f3 el secretario general del Sindicato Independiente de Trabajadores de la Industria Automotriz Volkswagen (Sitiavw), Hugo Tlalpan Luna. Adelant\u00f3 que \u00abpr\u00e1cticamente vienen&nbsp;varias versiones del Golf. Dennos la oportunidad, ya tenemos la informaci\u00f3n\u00bb, pero evit\u00f3 dar detalles sobre cu\u00e1les llegar\u00e1n a la entidad. Desde [&hellip;]<\/p>\n","protected":false},"author":1,"featured_media":82076,"comment_status":"open","ping_status":"open","sticky":false,"template":"","format":"standard","meta":{"om_disable_all_campaigns":false,"_monsterinsights_skip_tracking":false,"_monsterinsights_sitenote_active":false,"_monsterinsights_sitenote_note":"","_monsterinsights_sitenote_category":0,"footnotes":""},"categories":[175,2],"tags":[29,195,223],"class_list":["post-82075","post","type-post","status-publish","format-standard","has-post-thumbnail","hentry","category-local","category-negocios","tag-business","tag-principal","tag-puebla"],"amp_enabled":true,"_links":{"self":[{"href":"https:\/\/lahora.mx\/index.php\/wp-json\/wp\/v2\/posts\/82075","targetHints":{"allow":["GET"]}}],"collection":[{"href":"https:\/\/lahora.mx\/index.php\/wp-json\/wp\/v2\/posts"}],"about":[{"href":"https:\/\/lahora.mx\/index.php\/wp-json\/wp\/v2\/types\/post"}],"author":[{"embeddable":true,"href":"https:\/\/lahora.mx\/index.php\/wp-json\/wp\/v2\/users\/1"}],"replies":[{"embeddable":true,"href":"https:\/\/lahora.mx\/index.php\/wp-json\/wp\/v2\/comments?post=82075"}],"version-history":[{"count":1,"href":"https:\/\/lahora.mx\/index.php\/wp-json\/wp\/v2\/posts\/82075\/revisions"}],"predecessor-version":[{"id":82077,"href":"https:\/\/lahora.mx\/index.php\/wp-json\/wp\/v2\/posts\/82075\/revisions\/82077"}],"wp:featuredmedia":[{"embeddable":true,"href":"https:\/\/lahora.mx\/index.php\/wp-json\/wp\/v2\/media\/82076"}],"wp:attachment":[{"href":"https:\/\/lahora.mx\/index.php\/wp-json\/wp\/v2\/media?parent=82075"}],"wp:term":[{"taxonomy":"category","embeddable":true,"href":"https:\/\/lahora.mx\/index.php\/wp-json\/wp\/v2\/categories?post=82075"},{"taxonomy":"post_tag","embeddable":true,"href":"https:\/\/lahora.mx\/index.php\/wp-json\/wp\/v2\/tags?post=82075"}],"curies":[{"name":"wp","href":"https:\/\/api.w.org\/{rel}","templated":true}]}}