{"id":82072,"date":"2026-05-02T05:25:41","date_gmt":"2026-05-02T05:25:41","guid":{"rendered":"https:\/\/lahora.mx\/?p=82072"},"modified":"2026-05-02T05:25:42","modified_gmt":"2026-05-02T05:25:42","slug":"ruben-rocha-pide-licencia-como-gobernador-de-sinaloa","status":"publish","type":"post","link":"https:\/\/lahora.mx\/index.php\/2026\/05\/02\/ruben-rocha-pide-licencia-como-gobernador-de-sinaloa\/","title":{"rendered":"Rub\u00e9n Rocha pide licencia como gobernador de Sinaloa"},"content":{"rendered":"\n<p>Dos d\u00edas despu\u00e9s de que el Departamento de Justicia de Estados Unidos lo acus\u00f3 de v\u00ednculos con la delincuencia organizada concretamente Juan el C\u00e1rtel de Sinaloa, el gobernador de Sinaloa, Rub\u00e9n Rocha Moya, pidi\u00f3 licencia al cargo la noche de este viernes 1 de mayo.<\/p>\n\n\n\n<p>Tras solicitar separarse del cargo el mandatario afirm\u00f3, \u201cTengo la conciencia tranquila. Lo digo clara y contundentemente: Son falsas y dolosas las acusaciones que se han vertido en mi contra\u201d, asegur\u00f3 en un mensaje a medios de comunicaci\u00f3n.<\/p>\n\n\n\n<p>La solicitud de licencia de Rub\u00e9n Rocha Moya ocurre horas despu\u00e9s de que la Fiscal\u00eda General de la Rep\u00fablica (FGR) exigi\u00f3 pruebas a Estados Unidos sobre las acusaciones en contra del gobernador emanado de las filas de Morena.<\/p>\n\n\n\n<p>De acuerdo con Rocha Moya, la licencia al cargo de gobernador de Sinaloa tiene el objetivo de no entorpecer las investigaciones de la FGR.<\/p>\n\n\n\n<p>gobernador de Sinaloa remarc\u00f3 que demostrar\u00e1 su inocencia \u201cante las instituciones de justicia de nuestro pa\u00eds\u201d de los se\u00f1alamientos que lo ligan a una conspiraci\u00f3n para proteger las actividades de Los Chapitos en Sinaloa.<\/p>\n\n\n\n<p>\u201cNo voy a permitir que me utilicen para da\u00f1ar el movimiento de transformaci\u00f3n al que pertenezco. M\u00e9xico seguir\u00e1 cambiando para bien porque tenemos mucho pueblo\u00bb, sostuvo.<\/p>\n","protected":false},"excerpt":{"rendered":"<p>Dos d\u00edas despu\u00e9s de que el Departamento de Justicia de Estados Unidos lo acus\u00f3 de v\u00ednculos con la delincuencia organizada concretamente Juan el C\u00e1rtel de Sinaloa, el gobernador de Sinaloa, Rub\u00e9n Rocha Moya, pidi\u00f3 licencia al cargo la noche de este viernes 1 de mayo. Tras solicitar separarse del cargo el mandatario afirm\u00f3, \u201cTengo la [&hellip;]<\/p>\n","protected":false},"author":1,"featured_media":82073,"comment_status":"open","ping_status":"open","sticky":false,"template":"","format":"standard","meta":{"om_disable_all_campaigns":false,"_monsterinsights_skip_tracking":false,"_monsterinsights_sitenote_active":false,"_monsterinsights_sitenote_note":"","_monsterinsights_sitenote_category":0,"footnotes":""},"categories":[176],"tags":[239,195],"class_list":["post-82072","post","type-post","status-publish","format-standard","has-post-thumbnail","hentry","category-nacional","tag-gobierno","tag-principal"],"amp_enabled":true,"_links":{"self":[{"href":"https:\/\/lahora.mx\/index.php\/wp-json\/wp\/v2\/posts\/82072","targetHints":{"allow":["GET"]}}],"collection":[{"href":"https:\/\/lahora.mx\/index.php\/wp-json\/wp\/v2\/posts"}],"about":[{"href":"https:\/\/lahora.mx\/index.php\/wp-json\/wp\/v2\/types\/post"}],"author":[{"embeddable":true,"href":"https:\/\/lahora.mx\/index.php\/wp-json\/wp\/v2\/users\/1"}],"replies":[{"embeddable":true,"href":"https:\/\/lahora.mx\/index.php\/wp-json\/wp\/v2\/comments?post=82072"}],"version-history":[{"count":1,"href":"https:\/\/lahora.mx\/index.php\/wp-json\/wp\/v2\/posts\/82072\/revisions"}],"predecessor-version":[{"id":82074,"href":"https:\/\/lahora.mx\/index.php\/wp-json\/wp\/v2\/posts\/82072\/revisions\/82074"}],"wp:featuredmedia":[{"embeddable":true,"href":"https:\/\/lahora.mx\/index.php\/wp-json\/wp\/v2\/media\/82073"}],"wp:attachment":[{"href":"https:\/\/lahora.mx\/index.php\/wp-json\/wp\/v2\/media?parent=82072"}],"wp:term":[{"taxonomy":"category","embeddable":true,"href":"https:\/\/lahora.mx\/index.php\/wp-json\/wp\/v2\/categories?post=82072"},{"taxonomy":"post_tag","embeddable":true,"href":"https:\/\/lahora.mx\/index.php\/wp-json\/wp\/v2\/tags?post=82072"}],"curies":[{"name":"wp","href":"https:\/\/api.w.org\/{rel}","templated":true}]}}