{"id":82059,"date":"2026-05-02T01:47:54","date_gmt":"2026-05-02T01:47:54","guid":{"rendered":"https:\/\/lahora.mx\/?p=82059"},"modified":"2026-05-02T01:47:54","modified_gmt":"2026-05-02T01:47:54","slug":"protesta-por-inseguridad-en-atoyatempan-termina-con-alcalde-encerrado","status":"publish","type":"post","link":"https:\/\/lahora.mx\/index.php\/2026\/05\/02\/protesta-por-inseguridad-en-atoyatempan-termina-con-alcalde-encerrado\/","title":{"rendered":"Protesta por inseguridad en Atoyatempan termina con alcalde encerrado"},"content":{"rendered":"\n<p>Alrededor de 500 habitantes de Atoyatempan se manifestaron la tarde-noche del jueves para exigir mayor seguridad, luego de un nuevo intento de robo que provoc\u00f3 inconformidad entre vecinos del municipio.<\/p>\n\n\n\n<p>La protesta comenz\u00f3 en el barrio de Jes\u00fas, donde pobladores fueron alertados sobre un presunto robo a una vivienda. El hecho gener\u00f3 enojo entre los habitantes, quienes se organizaron para intentar ubicar a los posibles responsables.<br>Durante varios minutos, los vecinos recorrieron la zona en busca de los sospechosos, con la intenci\u00f3n de castigarlos, lo que elev\u00f3 la tensi\u00f3n por el riesgo de que la situaci\u00f3n derivara en un acto de justicia por mano propia. Sin embargo, los se\u00f1alados lograron escapar.<\/p>\n\n\n\n<p>El descontento aument\u00f3 debido a que, dos d\u00edas antes, se hab\u00eda reportado otro hecho delictivo en la cabecera municipal, situaci\u00f3n que reforz\u00f3 la percepci\u00f3n de inseguridad entre los habitantes.<\/p>\n\n\n\n<p>Los manifestantes acusaron deficiencias en la actuaci\u00f3n de la polic\u00eda municipal, principalmente por presuntas demoras en la atenci\u00f3n a llamados de auxilio. Tambi\u00e9n responsabilizaron al presidente municipal, El\u00edas No\u00e9 Ju\u00e1rez L\u00f3pez, por no cumplir compromisos relacionados con la seguridad p\u00fablica.<\/p>\n\n\n\n<p>M\u00e1s tarde, la multitud se traslad\u00f3 a la presidencia municipal para exigir respuestas directas al edil. El alcalde y otros funcionarios permanecieron dentro del inmueble, mientras los inconformes bloqueaban las salidas para impedir que se retiraran.<\/p>\n\n\n\n<p>Ante la tensi\u00f3n, personal de la Secretar\u00eda de Gobernaci\u00f3n estatal acudi\u00f3 al lugar y negoci\u00f3 acuerdos con representantes vecinales. Como parte de la intervenci\u00f3n, se pact\u00f3 la instalaci\u00f3n de mesas de di\u00e1logo para atender la problem\u00e1tica y definir estrategias que permitan reducir la incidencia delictiva en la zona.<\/p>\n","protected":false},"excerpt":{"rendered":"<p>Alrededor de 500 habitantes de Atoyatempan se manifestaron la tarde-noche del jueves para exigir mayor seguridad, luego de un nuevo intento de robo que provoc\u00f3 inconformidad entre vecinos del municipio. La protesta comenz\u00f3 en el barrio de Jes\u00fas, donde pobladores fueron alertados sobre un presunto robo a una vivienda. El hecho gener\u00f3 enojo entre los [&hellip;]<\/p>\n","protected":false},"author":1,"featured_media":82060,"comment_status":"open","ping_status":"open","sticky":false,"template":"","format":"standard","meta":{"om_disable_all_campaigns":false,"_monsterinsights_skip_tracking":false,"_monsterinsights_sitenote_active":false,"_monsterinsights_sitenote_note":"","_monsterinsights_sitenote_category":0,"footnotes":""},"categories":[175],"tags":[],"class_list":["post-82059","post","type-post","status-publish","format-standard","has-post-thumbnail","hentry","category-local"],"amp_enabled":true,"_links":{"self":[{"href":"https:\/\/lahora.mx\/index.php\/wp-json\/wp\/v2\/posts\/82059","targetHints":{"allow":["GET"]}}],"collection":[{"href":"https:\/\/lahora.mx\/index.php\/wp-json\/wp\/v2\/posts"}],"about":[{"href":"https:\/\/lahora.mx\/index.php\/wp-json\/wp\/v2\/types\/post"}],"author":[{"embeddable":true,"href":"https:\/\/lahora.mx\/index.php\/wp-json\/wp\/v2\/users\/1"}],"replies":[{"embeddable":true,"href":"https:\/\/lahora.mx\/index.php\/wp-json\/wp\/v2\/comments?post=82059"}],"version-history":[{"count":1,"href":"https:\/\/lahora.mx\/index.php\/wp-json\/wp\/v2\/posts\/82059\/revisions"}],"predecessor-version":[{"id":82061,"href":"https:\/\/lahora.mx\/index.php\/wp-json\/wp\/v2\/posts\/82059\/revisions\/82061"}],"wp:featuredmedia":[{"embeddable":true,"href":"https:\/\/lahora.mx\/index.php\/wp-json\/wp\/v2\/media\/82060"}],"wp:attachment":[{"href":"https:\/\/lahora.mx\/index.php\/wp-json\/wp\/v2\/media?parent=82059"}],"wp:term":[{"taxonomy":"category","embeddable":true,"href":"https:\/\/lahora.mx\/index.php\/wp-json\/wp\/v2\/categories?post=82059"},{"taxonomy":"post_tag","embeddable":true,"href":"https:\/\/lahora.mx\/index.php\/wp-json\/wp\/v2\/tags?post=82059"}],"curies":[{"name":"wp","href":"https:\/\/api.w.org\/{rel}","templated":true}]}}