{"id":82056,"date":"2026-05-02T01:19:44","date_gmt":"2026-05-02T01:19:44","guid":{"rendered":"https:\/\/lahora.mx\/?p=82056"},"modified":"2026-05-02T01:19:45","modified_gmt":"2026-05-02T01:19:45","slug":"proponen-legalizar-eutanasia-en-puebla-con-reforma-a-ley-de-voluntad","status":"publish","type":"post","link":"https:\/\/lahora.mx\/index.php\/2026\/05\/02\/proponen-legalizar-eutanasia-en-puebla-con-reforma-a-ley-de-voluntad\/","title":{"rendered":"Proponen legalizar eutanasia en Puebla con reforma a Ley de Voluntad"},"content":{"rendered":"\n<p>El debate sobre la eutanasia volvi\u00f3 a colocarse en la agenda legislativa de Puebla, luego de que se presentara en el Congreso del Estado una iniciativa para reformar la Ley de Voluntad Anticipada, con el objetivo de abrir la posibilidad de reconocer legalmente el derecho a una muerte digna bajo condiciones espec\u00edficas y estrictamente reguladas.<\/p>\n\n\n\n<p>La propuesta fue impulsada por el diputado local de Morena, Roberto Zatarain Leal, quien plante\u00f3 una modificaci\u00f3n legal que permitir\u00eda incorporar la llamada eutanasia activa dentro del marco jur\u00eddico estatal. La iniciativa ha generado atenci\u00f3n debido a su alcance y a la sensibilidad del tema en el \u00e1mbito social y m\u00e9dico.<br>De acuerdo con el planteamiento, la reforma busca complementar el modelo vigente en la entidad, que actualmente contempla opciones como la suspensi\u00f3n de tratamientos, los cuidados paliativos y la voluntad anticipada, pero no permite la intervenci\u00f3n m\u00e9dica para provocar la muerte de manera asistida.<\/p>\n\n\n\n<p>La propuesta tambi\u00e9n contempla la eliminaci\u00f3n del art\u00edculo 42 de la ley actual, el cual proh\u00edbe expresamente la pr\u00e1ctica de la eutanasia al considerarla equiparable al homicidio por piedad. Con este cambio, se abrir\u00eda la posibilidad de que ciertos pacientes en condiciones espec\u00edficas pudieran solicitar este procedimiento bajo supervisi\u00f3n m\u00e9dica y legal.<\/p>\n\n\n\n<p>El tema ha cobrado relevancia nacional debido al impulso de la activista Samara Alejandra Mart\u00ednez Monta\u00f1o, quien promueve la llamada \u201cLey Trasciende\u201d, una iniciativa que busca reconocer este derecho en distintos estados del pa\u00eds. La joven enfrenta una enfermedad renal cr\u00f3nica en etapa terminal, adem\u00e1s de otros padecimientos que han afectado de manera significativa su calidad de vida.<\/p>\n\n\n\n<p>En el caso de Puebla, la propuesta establece una serie de requisitos estrictos para acceder al procedimiento. Entre ellos se contempla que la persona solicitante sea mayor de 18 a\u00f1os, se encuentre en pleno uso de sus facultades mentales y cuente con un diagn\u00f3stico m\u00e9dico confirmado de enfermedad terminal o padecimientos cr\u00f3nico-degenerativos graves e irreversibles.<\/p>\n\n\n\n<p>Adem\u00e1s, se plantea que el paciente reciba informaci\u00f3n completa sobre su estado de salud, exprese su voluntad de manera libre, informada y por escrito ante notario p\u00fablico, y la ratifique posteriormente en un plazo m\u00ednimo de cinco d\u00edas. Tambi\u00e9n se exige una segunda opini\u00f3n m\u00e9dica que confirme el diagn\u00f3stico.<\/p>\n\n\n\n<p>El documento legislativo se\u00f1ala que la intenci\u00f3n no es sustituir los mecanismos actuales de atenci\u00f3n m\u00e9dica al final de la vida, sino ampliar las opciones legales disponibles en casos excepcionales, bajo estricta regulaci\u00f3n y supervisi\u00f3n profesional.<\/p>\n","protected":false},"excerpt":{"rendered":"<p>El debate sobre la eutanasia volvi\u00f3 a colocarse en la agenda legislativa de Puebla, luego de que se presentara en el Congreso del Estado una iniciativa para reformar la Ley de Voluntad Anticipada, con el objetivo de abrir la posibilidad de reconocer legalmente el derecho a una muerte digna bajo condiciones espec\u00edficas y estrictamente reguladas. [&hellip;]<\/p>\n","protected":false},"author":1,"featured_media":82057,"comment_status":"open","ping_status":"open","sticky":false,"template":"","format":"standard","meta":{"om_disable_all_campaigns":false,"_monsterinsights_skip_tracking":false,"_monsterinsights_sitenote_active":false,"_monsterinsights_sitenote_note":"","_monsterinsights_sitenote_category":0,"footnotes":""},"categories":[5],"tags":[227,239,223],"class_list":["post-82056","post","type-post","status-publish","format-standard","has-post-thumbnail","hentry","category-politica","tag-congreso","tag-gobierno","tag-puebla"],"amp_enabled":true,"_links":{"self":[{"href":"https:\/\/lahora.mx\/index.php\/wp-json\/wp\/v2\/posts\/82056","targetHints":{"allow":["GET"]}}],"collection":[{"href":"https:\/\/lahora.mx\/index.php\/wp-json\/wp\/v2\/posts"}],"about":[{"href":"https:\/\/lahora.mx\/index.php\/wp-json\/wp\/v2\/types\/post"}],"author":[{"embeddable":true,"href":"https:\/\/lahora.mx\/index.php\/wp-json\/wp\/v2\/users\/1"}],"replies":[{"embeddable":true,"href":"https:\/\/lahora.mx\/index.php\/wp-json\/wp\/v2\/comments?post=82056"}],"version-history":[{"count":1,"href":"https:\/\/lahora.mx\/index.php\/wp-json\/wp\/v2\/posts\/82056\/revisions"}],"predecessor-version":[{"id":82058,"href":"https:\/\/lahora.mx\/index.php\/wp-json\/wp\/v2\/posts\/82056\/revisions\/82058"}],"wp:featuredmedia":[{"embeddable":true,"href":"https:\/\/lahora.mx\/index.php\/wp-json\/wp\/v2\/media\/82057"}],"wp:attachment":[{"href":"https:\/\/lahora.mx\/index.php\/wp-json\/wp\/v2\/media?parent=82056"}],"wp:term":[{"taxonomy":"category","embeddable":true,"href":"https:\/\/lahora.mx\/index.php\/wp-json\/wp\/v2\/categories?post=82056"},{"taxonomy":"post_tag","embeddable":true,"href":"https:\/\/lahora.mx\/index.php\/wp-json\/wp\/v2\/tags?post=82056"}],"curies":[{"name":"wp","href":"https:\/\/api.w.org\/{rel}","templated":true}]}}