{"id":82053,"date":"2026-05-02T01:17:26","date_gmt":"2026-05-02T01:17:26","guid":{"rendered":"https:\/\/lahora.mx\/?p=82053"},"modified":"2026-05-02T01:17:26","modified_gmt":"2026-05-02T01:17:26","slug":"la-fgr-ve-insuficiente-la-peticion-de-eu-para-detener-a-rocha-moya","status":"publish","type":"post","link":"https:\/\/lahora.mx\/index.php\/2026\/05\/02\/la-fgr-ve-insuficiente-la-peticion-de-eu-para-detener-a-rocha-moya\/","title":{"rendered":"La FGR ve insuficiente la petici\u00f3n de EU para detener a Rocha Moya"},"content":{"rendered":"\n<p>La Fiscal\u00eda General de la Rep\u00fablica inform\u00f3 que, por ahora, no se pronunciar\u00e1 sobre la entrega a Estados Unidos del gobernador de Sinaloa , Rub\u00e9n Rocha Moya , debido a que la solicitud recibida corresponde \u00fanicamente a una petici\u00f3n de detenci\u00f3n provisional con multas de extradici\u00f3n y no a una solicitud formal de extradici\u00f3n .<\/p>\n\n\n\n<p>Ra\u00fal Jim\u00e9nez V\u00e1zquez , fiscal Especializado de Control Competencial de la FGR , se\u00f1al\u00f3 que la petici\u00f3n presentada por el gobierno estadounidense no incluye elementos suficientes para acreditar la urgencia de detener al mandatario estatal. Por ello, la Fiscal\u00eda solicitar\u00e1, a trav\u00e9s de la Secretar\u00eda de Relaciones Exteriores , que Estados Unidos complemente su requerimiento.<br>El funcionario explic\u00f3 que la FGR pedir\u00e1 a la autoridad requerida todas las pruebas , argumentos , informes y documentos necesarios para analizar el caso y fijar una postura institucional. A\u00f1adi\u00f3 que esa comunicaci\u00f3n deber\u00e1 realizarse por v\u00edas que garanticen la confidencialidad de la informaci\u00f3n.<\/p>\n\n\n\n<p>Jim\u00e9nez V\u00e1zquez tambi\u00e9n cuestion\u00f3 que la publicaci\u00f3n de la acusaci\u00f3n contra Rocha Moya haya puesto en riesgo su derecho al debido proceso . Afirm\u00f3 que la Fiscal\u00eda mantiene investigaciones sobre los posibles hechos referidos, siempre en apego a la legislaci\u00f3n mexicana y al marco del Estado constitucional y democr\u00e1tico de derecho .<\/p>\n\n\n\n<p>Aunque reconoci\u00f3 que la solicitud de detenci\u00f3n provisional con multas de extradici\u00f3n se rige por el art\u00edculo 11 del Tratado Bilateral de Extradici\u00f3n entre M\u00e9xico y Estados Unidos y por el art\u00edculo 17 de la Ley de Extradici\u00f3n Internacional , el fiscal subray\u00f3 que en este caso no se presentaron documentos que permitieran justificar la urgencia de la medida.<\/p>\n\n\n\n<p>De acuerdo con Jim\u00e9nez V\u00e1zquez , una detenci\u00f3n provisional implica una restricci\u00f3n a los derechos humanos , por lo que s\u00f3lo puede autorizarse cuando existen motivos, fundamentos y pruebas s\u00f3lidas . En ese sentido, sostuvo que debe acreditarse por qu\u00e9 resulta impostergable detener a las personas reclamadas.<\/p>\n\n\n\n<p>El fiscal indic\u00f3 que el \u00e1rea de Asuntos Internacionales revis\u00f3 el pedimento con base en el tratado bilateral y en la normatividad mexicana aplicable. Tras ese an\u00e1lisis, afirm\u00f3 que la FGR no encontr\u00f3 referencias, motivos, fundamentos ni evidencias que permitieran establecer la urgencia de la detenci\u00f3n provisional .<\/p>\n\n\n\n<p>Tambi\u00e9n se\u00f1al\u00f3 que, en una primera revisi\u00f3n, no existen pruebas anexas al requerimiento que acreditan la comisi\u00f3n de un presunto delito y que hagan necesaria la imposici\u00f3n inmediata de la medida cautelar .<\/p>\n\n\n\n<p>El caso se encuentra en la primera etapa del procedimiento de extradici\u00f3n , correspondiente a la solicitud de detenci\u00f3n provisional . Esto significa que Estados Unidos todav\u00eda no ha solicitado formalmente la entrega de Rocha Moya ni de las otras nueve personas se\u00f1aladas en el asunto.<\/p>\n\n\n\n<p>Jim\u00e9nez V\u00e1zquez precis\u00f3 que la eventual decisi\u00f3n sobre una extradici\u00f3n recaer\u00eda finalmente en la Secretar\u00eda de Relaciones Exteriores , en caso de que el procedimiento avance a una etapa posterior. Por ahora, dijo, la determinaci\u00f3n que emite la FGR se limitar\u00e1 exclusivamente a la petici\u00f3n de detenci\u00f3n provisional .<\/p>\n\n\n\n<p>El funcionario agreg\u00f3 que, si m\u00e1s adelante Estados Unidos inicia formalmente el procedimiento de extradici\u00f3n internacional , M\u00e9xico deber\u00e1 apegarse a las reglas previstas tanto en el Tratado Bilateral de Extradici\u00f3n como en la Ley de Extradici\u00f3n Internacional .<\/p>\n","protected":false},"excerpt":{"rendered":"<p>La Fiscal\u00eda General de la Rep\u00fablica inform\u00f3 que, por ahora, no se pronunciar\u00e1 sobre la entrega a Estados Unidos del gobernador de Sinaloa , Rub\u00e9n Rocha Moya , debido a que la solicitud recibida corresponde \u00fanicamente a una petici\u00f3n de detenci\u00f3n provisional con multas de extradici\u00f3n y no a una solicitud formal de extradici\u00f3n . [&hellip;]<\/p>\n","protected":false},"author":1,"featured_media":82054,"comment_status":"open","ping_status":"open","sticky":false,"template":"","format":"standard","meta":{"om_disable_all_campaigns":false,"_monsterinsights_skip_tracking":false,"_monsterinsights_sitenote_active":false,"_monsterinsights_sitenote_note":"","_monsterinsights_sitenote_category":0,"footnotes":""},"categories":[226,5],"tags":[],"class_list":["post-82053","post","type-post","status-publish","format-standard","has-post-thumbnail","hentry","category-policia","category-politica"],"amp_enabled":true,"_links":{"self":[{"href":"https:\/\/lahora.mx\/index.php\/wp-json\/wp\/v2\/posts\/82053","targetHints":{"allow":["GET"]}}],"collection":[{"href":"https:\/\/lahora.mx\/index.php\/wp-json\/wp\/v2\/posts"}],"about":[{"href":"https:\/\/lahora.mx\/index.php\/wp-json\/wp\/v2\/types\/post"}],"author":[{"embeddable":true,"href":"https:\/\/lahora.mx\/index.php\/wp-json\/wp\/v2\/users\/1"}],"replies":[{"embeddable":true,"href":"https:\/\/lahora.mx\/index.php\/wp-json\/wp\/v2\/comments?post=82053"}],"version-history":[{"count":1,"href":"https:\/\/lahora.mx\/index.php\/wp-json\/wp\/v2\/posts\/82053\/revisions"}],"predecessor-version":[{"id":82055,"href":"https:\/\/lahora.mx\/index.php\/wp-json\/wp\/v2\/posts\/82053\/revisions\/82055"}],"wp:featuredmedia":[{"embeddable":true,"href":"https:\/\/lahora.mx\/index.php\/wp-json\/wp\/v2\/media\/82054"}],"wp:attachment":[{"href":"https:\/\/lahora.mx\/index.php\/wp-json\/wp\/v2\/media?parent=82053"}],"wp:term":[{"taxonomy":"category","embeddable":true,"href":"https:\/\/lahora.mx\/index.php\/wp-json\/wp\/v2\/categories?post=82053"},{"taxonomy":"post_tag","embeddable":true,"href":"https:\/\/lahora.mx\/index.php\/wp-json\/wp\/v2\/tags?post=82053"}],"curies":[{"name":"wp","href":"https:\/\/api.w.org\/{rel}","templated":true}]}}