{"id":82041,"date":"2026-05-01T23:29:54","date_gmt":"2026-05-01T23:29:54","guid":{"rendered":"https:\/\/lahora.mx\/?p=82041"},"modified":"2026-05-01T23:29:55","modified_gmt":"2026-05-01T23:29:55","slug":"cae-70-reparto-de-utilidades-en-audi","status":"publish","type":"post","link":"https:\/\/lahora.mx\/index.php\/2026\/05\/01\/cae-70-reparto-de-utilidades-en-audi\/","title":{"rendered":"Cae 70% reparto de utilidades en Audi"},"content":{"rendered":"\n<p>Derivado del desplome del 70 % en el reparto de utilidades para los t\u00e9cnicos del Sindicato Independiente de Trabajadores de Audi (Sitaudi) en el ejercicio fiscal 2025 respecto al a\u00f1o anterior, el l\u00edder gremial C\u00e9sar Orta Briones buscar\u00e1 que en la pr\u00f3xima negociaci\u00f3n del contrato colectivo de trabajo se establezca una garant\u00eda jur\u00eddica en esta prestaci\u00f3n, similar a la que tiene Volkswagen de M\u00e9xico.<\/p>\n\n\n\n<p>Record\u00f3 que los agremiados de la empresa de los cuatro aros recibieron un reparto equivalente al 10 % conforme a la Ley Federal del Trabajo.<\/p>\n\n\n\n<p>Aunque el monto fue menor, resalt\u00f3 que existe disposici\u00f3n para dialogar con los representantes de Audi M\u00e9xico, ya que el ejercicio fiscal 2025 reflej\u00f3 una reducci\u00f3n de 70 puntos porcentuales. Ante este panorama, el Sitaudi se reserva el derecho de revisar la car\u00e1tula fiscal.<br>Orta Briones explic\u00f3 que factores como el tema arancelario, la guerra petrolera entre Estados Unidos e Israel contra Ir\u00e1n y los ajustes del Grupo Volkswagen impactaron el dinamismo de la empresa, al reducir las exportaciones, principal fuente de ingresos de Audi M\u00e9xico, que env\u00eda al extranjero hasta el 89 % de su producci\u00f3n.<\/p>\n\n\n\n<p>\u201cEstamos platicando con la empresa, hay una reducci\u00f3n tambi\u00e9n en ese sentido de las utilidades, lo importante y lo que destaco, es que la empresa mantiene la apertura al di\u00e1logo para poder tratar este tema, espero que en los siguientes d\u00edas o cuando inicien las pl\u00e1ticas de la revisi\u00f3n contractual empecemos a desmenuzar esta parte y tratar de encontrar una salida\u201d.<\/p>\n\n\n\n<p>El l\u00edder sindical confi\u00f3 en alcanzar resultados positivos para los m\u00e1s de cuatro mil t\u00e9cnicos afiliados al Sindicato Independiente de Trabajadores de Audi M\u00e9xico.<\/p>\n","protected":false},"excerpt":{"rendered":"<p>Derivado del desplome del 70 % en el reparto de utilidades para los t\u00e9cnicos del Sindicato Independiente de Trabajadores de Audi (Sitaudi) en el ejercicio fiscal 2025 respecto al a\u00f1o anterior, el l\u00edder gremial C\u00e9sar Orta Briones buscar\u00e1 que en la pr\u00f3xima negociaci\u00f3n del contrato colectivo de trabajo se establezca una garant\u00eda jur\u00eddica en esta [&hellip;]<\/p>\n","protected":false},"author":1,"featured_media":82042,"comment_status":"open","ping_status":"open","sticky":false,"template":"","format":"standard","meta":{"om_disable_all_campaigns":false,"_monsterinsights_skip_tracking":false,"_monsterinsights_sitenote_active":false,"_monsterinsights_sitenote_note":"","_monsterinsights_sitenote_category":0,"footnotes":""},"categories":[2],"tags":[],"class_list":["post-82041","post","type-post","status-publish","format-standard","has-post-thumbnail","hentry","category-negocios"],"amp_enabled":true,"_links":{"self":[{"href":"https:\/\/lahora.mx\/index.php\/wp-json\/wp\/v2\/posts\/82041","targetHints":{"allow":["GET"]}}],"collection":[{"href":"https:\/\/lahora.mx\/index.php\/wp-json\/wp\/v2\/posts"}],"about":[{"href":"https:\/\/lahora.mx\/index.php\/wp-json\/wp\/v2\/types\/post"}],"author":[{"embeddable":true,"href":"https:\/\/lahora.mx\/index.php\/wp-json\/wp\/v2\/users\/1"}],"replies":[{"embeddable":true,"href":"https:\/\/lahora.mx\/index.php\/wp-json\/wp\/v2\/comments?post=82041"}],"version-history":[{"count":1,"href":"https:\/\/lahora.mx\/index.php\/wp-json\/wp\/v2\/posts\/82041\/revisions"}],"predecessor-version":[{"id":82043,"href":"https:\/\/lahora.mx\/index.php\/wp-json\/wp\/v2\/posts\/82041\/revisions\/82043"}],"wp:featuredmedia":[{"embeddable":true,"href":"https:\/\/lahora.mx\/index.php\/wp-json\/wp\/v2\/media\/82042"}],"wp:attachment":[{"href":"https:\/\/lahora.mx\/index.php\/wp-json\/wp\/v2\/media?parent=82041"}],"wp:term":[{"taxonomy":"category","embeddable":true,"href":"https:\/\/lahora.mx\/index.php\/wp-json\/wp\/v2\/categories?post=82041"},{"taxonomy":"post_tag","embeddable":true,"href":"https:\/\/lahora.mx\/index.php\/wp-json\/wp\/v2\/tags?post=82041"}],"curies":[{"name":"wp","href":"https:\/\/api.w.org\/{rel}","templated":true}]}}