{"id":8204,"date":"2022-06-15T02:40:10","date_gmt":"2022-06-15T02:40:10","guid":{"rendered":"http:\/\/lahora.mx\/?p=8204"},"modified":"2022-06-15T02:40:12","modified_gmt":"2022-06-15T02:40:12","slug":"mexico-registra-mas-de-8-mil-nuevos-casos-covid-y-37-muertes-en-ultimas-24-horas","status":"publish","type":"post","link":"https:\/\/lahora.mx\/index.php\/2022\/06\/15\/mexico-registra-mas-de-8-mil-nuevos-casos-covid-y-37-muertes-en-ultimas-24-horas\/","title":{"rendered":"M\u00e9xico registra m\u00e1s de 8 mil nuevos casos covid y 37 muertes en \u00faltimas 24 horas"},"content":{"rendered":"\n<p>Con el registro de 8 mil 206 nuevos contagios de covid-19 en las \u00faltimas 24 horas, de lunes a martes, los casos aumentaron m\u00e1s de cuatro veces, por tanto, el acumulado se increment\u00f3 a 5 millones 833 mil 738.<\/p>\n\n\n\n<p>Las diez entidades que siguen concentrando el 65% de todos los casos confirmados son la Ciudad de M\u00e9xico, Estado de M\u00e9xico, Nuevo Le\u00f3n, Guanajuato, Jalisco, Tabasco, San Luis Potos\u00ed, Veracruz, Puebla y Sonora.<\/p>\n\n\n\n<p>Los casos activos; es decir, las personas positivas a coronavirus que presentaron s\u00edntomas en los \u00faltimos 14 d\u00edas, subieron a 40 mil 842.<\/p>\n\n\n\n<p>Y sumando los que est\u00e1n por confirmarse, dar\u00edan un total de 43 mil 184 casos activos estimados, inform\u00f3 la Secretar\u00eda de Salud.<\/p>\n\n\n\n<p>La cifra de muertes en lo que va de la pandemia aument\u00f3 a 325 mil 242 debido a la ocurrencia de 37 decesos en un d\u00eda.<\/p>\n\n\n\n<p>La ocupaci\u00f3n nacional hospitalaria no se ha modificado, en camas generales se mantuvo en 3% y en camas con ventilador en 1%.<\/p>\n\n\n\n<p>Los pacientes que se han recuperado del contagio de coronavirus son 5 millones 096 mil 224.<\/p>\n\n\n\n<p>Noticias sobre Coronavirus: M\u00e9xico a\u00fan no vive una quinta ola de covid-19: L\u00f3pez-Gatell<\/p>\n","protected":false},"excerpt":{"rendered":"<p>Con el registro de 8 mil 206 nuevos contagios de covid-19 en las \u00faltimas 24 horas, de lunes a martes, los casos aumentaron m\u00e1s de cuatro veces, por tanto, el acumulado se increment\u00f3 a 5 millones 833 mil 738. Las diez entidades que siguen concentrando el 65% de todos los casos confirmados son la Ciudad [&hellip;]<\/p>\n","protected":false},"author":4,"featured_media":8205,"comment_status":"open","ping_status":"open","sticky":false,"template":"","format":"standard","meta":{"om_disable_all_campaigns":false,"_monsterinsights_skip_tracking":false,"_monsterinsights_sitenote_active":false,"_monsterinsights_sitenote_note":"","_monsterinsights_sitenote_category":0,"footnotes":""},"categories":[176],"tags":[195],"class_list":["post-8204","post","type-post","status-publish","format-standard","has-post-thumbnail","hentry","category-nacional","tag-principal"],"amp_enabled":true,"_links":{"self":[{"href":"https:\/\/lahora.mx\/index.php\/wp-json\/wp\/v2\/posts\/8204","targetHints":{"allow":["GET"]}}],"collection":[{"href":"https:\/\/lahora.mx\/index.php\/wp-json\/wp\/v2\/posts"}],"about":[{"href":"https:\/\/lahora.mx\/index.php\/wp-json\/wp\/v2\/types\/post"}],"author":[{"embeddable":true,"href":"https:\/\/lahora.mx\/index.php\/wp-json\/wp\/v2\/users\/4"}],"replies":[{"embeddable":true,"href":"https:\/\/lahora.mx\/index.php\/wp-json\/wp\/v2\/comments?post=8204"}],"version-history":[{"count":1,"href":"https:\/\/lahora.mx\/index.php\/wp-json\/wp\/v2\/posts\/8204\/revisions"}],"predecessor-version":[{"id":8206,"href":"https:\/\/lahora.mx\/index.php\/wp-json\/wp\/v2\/posts\/8204\/revisions\/8206"}],"wp:featuredmedia":[{"embeddable":true,"href":"https:\/\/lahora.mx\/index.php\/wp-json\/wp\/v2\/media\/8205"}],"wp:attachment":[{"href":"https:\/\/lahora.mx\/index.php\/wp-json\/wp\/v2\/media?parent=8204"}],"wp:term":[{"taxonomy":"category","embeddable":true,"href":"https:\/\/lahora.mx\/index.php\/wp-json\/wp\/v2\/categories?post=8204"},{"taxonomy":"post_tag","embeddable":true,"href":"https:\/\/lahora.mx\/index.php\/wp-json\/wp\/v2\/tags?post=8204"}],"curies":[{"name":"wp","href":"https:\/\/api.w.org\/{rel}","templated":true}]}}