{"id":82038,"date":"2026-05-01T21:48:09","date_gmt":"2026-05-01T21:48:09","guid":{"rendered":"https:\/\/lahora.mx\/?p=82038"},"modified":"2026-05-01T22:51:30","modified_gmt":"2026-05-01T22:51:30","slug":"autoridades-de-puebla-destacan-mejoras-laborales-en-el-dia-del-trabajo","status":"publish","type":"post","link":"https:\/\/lahora.mx\/index.php\/2026\/05\/01\/autoridades-de-puebla-destacan-mejoras-laborales-en-el-dia-del-trabajo\/","title":{"rendered":"Autoridades de Puebla destacan mejoras laborales en el D\u00eda del Trabajo \u00a0"},"content":{"rendered":"\n<p>En el marco del D\u00eda del Trabajo, el gobernador Alejandro Armenta Mier encabez\u00f3 la ceremonia conmemorativa en la Avenida Ju\u00e1rez, acompa\u00f1ado por el alcalde de Puebla, Jos\u00e9 Chedraui Budib, funcionarios estatales y representantes sindicales.<\/p>\n\n\n\n<p>Durante el acto, el secretario de Desarrollo Econ\u00f3mico y Trabajo, V\u00edctor Gabriel Chedraui, destac\u00f3 que en M\u00e9xico esta fecha se celebra desde hace m\u00e1s de 140 a\u00f1os y enlist\u00f3 avances recientes en materia laboral: el incremento del salario m\u00ednimo en 154% respecto a 2018, la eliminaci\u00f3n del outsourcing abusivo, la ampliaci\u00f3n de vacaciones y la regulaci\u00f3n del teletrabajo, adem\u00e1s del impulso a la jornada de 40 horas.<\/p>\n\n\n\n<p>A\u00f1adi\u00f3 que en Puebla se ha priorizado la mano de obra local y la promoci\u00f3n de productos estatales, como la marca \u201cCinco de Mayo\u201d.<\/p>\n\n\n\n<p>Por su parte, el l\u00edder del SNTE Secci\u00f3n 23, Jos\u00e9 Luis Gonz\u00e1lez Morales, se\u00f1al\u00f3 que el 1 de mayo no s\u00f3lo remite a la lucha hist\u00f3rica de los trabajadores, sino tambi\u00e9n a un compromiso vigente ante varios rezagos.<\/p>\n\n\n\n<p>Con una base de 68 mil agremiados, afirm\u00f3 que el sindicalismo ha evolucionado con el tiempo, pero mantiene su esencia en la colectividad y la unidad.<\/p>\n\n\n\n<p>\u201cNuestra fuerza radica en lo colectivo\u201d, expres\u00f3 al insistir en la importancia del trabajo conjunto y el respeto a las instituciones.<\/p>\n\n\n\n<p>En tanto, la secretaria de Bienestar, Laura Artemisa Garc\u00eda Ch\u00e1vez, plante\u00f3 que la fecha invita a reflexionar sobre el futuro del trabajo.<\/p>\n\n\n\n<p>Asegur\u00f3 que tanto en M\u00e9xico como en Puebla se vive una nueva etapa laboral, con mejoras en el poder adquisitivo \u2014equivalente a 1.8 canastas b\u00e1sicas y con meta de 2.5\u2014, as\u00ed como avances hacia la jornada de 40 horas.<\/p>\n\n\n\n<p>Destac\u00f3 adem\u00e1s la consolidaci\u00f3n de derechos laborales, la seguridad social obligatoria, el impulso al empleo formal y pol\u00edticas enfocadas en vivienda y equidad, al se\u00f1alar que la defensa de las mujeres trabajadoras ya tiene sustento constitucional.<\/p>\n","protected":false},"excerpt":{"rendered":"<p>En el marco del D\u00eda del Trabajo, el gobernador Alejandro Armenta Mier encabez\u00f3 la ceremonia conmemorativa en la Avenida Ju\u00e1rez, acompa\u00f1ado por el alcalde de Puebla, Jos\u00e9 Chedraui Budib, funcionarios estatales y representantes sindicales. Durante el acto, el secretario de Desarrollo Econ\u00f3mico y Trabajo, V\u00edctor Gabriel Chedraui, destac\u00f3 que en M\u00e9xico esta fecha se celebra [&hellip;]<\/p>\n","protected":false},"author":1,"featured_media":82039,"comment_status":"open","ping_status":"open","sticky":false,"template":"","format":"standard","meta":{"om_disable_all_campaigns":false,"_monsterinsights_skip_tracking":false,"_monsterinsights_sitenote_active":false,"_monsterinsights_sitenote_note":"","_monsterinsights_sitenote_category":0,"footnotes":""},"categories":[175],"tags":[239,195,223],"class_list":["post-82038","post","type-post","status-publish","format-standard","has-post-thumbnail","hentry","category-local","tag-gobierno","tag-principal","tag-puebla"],"amp_enabled":true,"_links":{"self":[{"href":"https:\/\/lahora.mx\/index.php\/wp-json\/wp\/v2\/posts\/82038","targetHints":{"allow":["GET"]}}],"collection":[{"href":"https:\/\/lahora.mx\/index.php\/wp-json\/wp\/v2\/posts"}],"about":[{"href":"https:\/\/lahora.mx\/index.php\/wp-json\/wp\/v2\/types\/post"}],"author":[{"embeddable":true,"href":"https:\/\/lahora.mx\/index.php\/wp-json\/wp\/v2\/users\/1"}],"replies":[{"embeddable":true,"href":"https:\/\/lahora.mx\/index.php\/wp-json\/wp\/v2\/comments?post=82038"}],"version-history":[{"count":1,"href":"https:\/\/lahora.mx\/index.php\/wp-json\/wp\/v2\/posts\/82038\/revisions"}],"predecessor-version":[{"id":82040,"href":"https:\/\/lahora.mx\/index.php\/wp-json\/wp\/v2\/posts\/82038\/revisions\/82040"}],"wp:featuredmedia":[{"embeddable":true,"href":"https:\/\/lahora.mx\/index.php\/wp-json\/wp\/v2\/media\/82039"}],"wp:attachment":[{"href":"https:\/\/lahora.mx\/index.php\/wp-json\/wp\/v2\/media?parent=82038"}],"wp:term":[{"taxonomy":"category","embeddable":true,"href":"https:\/\/lahora.mx\/index.php\/wp-json\/wp\/v2\/categories?post=82038"},{"taxonomy":"post_tag","embeddable":true,"href":"https:\/\/lahora.mx\/index.php\/wp-json\/wp\/v2\/tags?post=82038"}],"curies":[{"name":"wp","href":"https:\/\/api.w.org\/{rel}","templated":true}]}}