{"id":82032,"date":"2026-05-01T17:11:51","date_gmt":"2026-05-01T17:11:51","guid":{"rendered":"https:\/\/lahora.mx\/?p=82032"},"modified":"2026-05-01T17:11:52","modified_gmt":"2026-05-01T17:11:52","slug":"sistema-de-transporte-por-cable-transforma-integralmente-la-movilidad-garcia-parra","status":"publish","type":"post","link":"https:\/\/lahora.mx\/index.php\/2026\/05\/01\/sistema-de-transporte-por-cable-transforma-integralmente-la-movilidad-garcia-parra\/","title":{"rendered":"Sistema de Transporte por Cable transforma integralmente la movilidad: Garc\u00eda Parra"},"content":{"rendered":"\n<p>Con el uso de energ\u00eda limpia, la reducci\u00f3n de emisiones a solo 48 toneladas anuales de CO2 y con traslados de hasta 36 minutos como m\u00e1ximo, el Gobierno del Estado de Puebla impulsa el Sistema Integral de Movilidad de Puebla, anunci\u00f3 el coordinador de Gabinete, Jos\u00e9 Luis Garc\u00eda Parra.<\/p>\n\n\n\n<p>Garc\u00eda Parra explic\u00f3 que este modelo se sustenta en m\u00e1s de 20 estudios t\u00e9cnicos que proyectan el crecimiento de la zona metropolitana, la cual pasar\u00e1 de 2.5 a cerca de 3 millones de habitantes hacia 2030, con un incremento significativo en parque vehicular y viajes diarios. Ante este escenario, se integran cuatro modalidades: transporte convencional, sistema RUTA, transporte por cable y red de bicicletas p\u00fablicas, estos priorizan a las personas sobre los veh\u00edculos particulares.<br>El gobernador Alejandro Armenta Mier aclar\u00f3 que ning\u00fan \u00e1rbol ser\u00e1 intervenido como parte del proyecto del sistema de movilidad integral y que ser\u00e1n solamente 90 \u00e1rboles los que ser\u00e1n reubicados con una tecnolog\u00eda que no los afecta.<\/p>\n\n\n\n<p>Cabe mencionar que el sistema de transporte por cable contempla una primera etapa de 13.6 kil\u00f3metros con cuatro l\u00edneas y nueve nodos de transferencia intermodal, conectar\u00e1 puntos estrat\u00e9gicos como el CIS, Parque Ju\u00e1rez, Xonaca y Amalucan. Y se contempla que, a partir del segundo a\u00f1o, ser\u00e1 autosustentable financieramente.<\/p>\n\n\n\n<p>El coordinador de Gabinete explic\u00f3 que el transporte por cable tendr\u00e1 una tarifa estimada de 12 pesos y ser\u00e1 gratuito para personas con discapacidad, adultos mayores y estudiantes de educaci\u00f3n b\u00e1sica.<\/p>\n\n\n\n<p>Adem\u00e1s y como parte del enfoque integral y de una estrategia para anticipar el crecimiento poblacional, reducir la saturaci\u00f3n vehicular y fortalecer el bienestar social, el gobernador Alejandro Armenta Mier destac\u00f3 que el Perif\u00e9rico 5 de Mayo, con sus circuitos Sur y Norte, representa una soluci\u00f3n estructural a los problemas de conectividad para los pr\u00f3ximos 50 a\u00f1os.<\/p>\n\n\n\n<p>Este proyecto contempla la ampliaci\u00f3n a cuatro carriles sin cuota, conexi\u00f3n estrat\u00e9gica con municipios como Amozoc y Cuautinch\u00e1n, y coordinaci\u00f3n con el Gobierno de M\u00e9xico, en congruencia con la visi\u00f3n de infraestructura impulsada por la presidenta Claudia Sheinbaum, lo que incluye la reubicaci\u00f3n de la caseta de Amozoc para mejorar la movilidad regional.<\/p>\n\n\n\n<p>El Gobierno del Estado reafirma su compromiso de impulsar proyectos integrales, sustentables y con visi\u00f3n de largo plazo que mejoren la calidad de vida, fortalezcan la seguridad y garanticen un desarrollo ordenado, colocando a Puebla a la vanguardia en movilidad urbana en beneficio de todas y todos.<\/p>\n","protected":false},"excerpt":{"rendered":"<p>Con el uso de energ\u00eda limpia, la reducci\u00f3n de emisiones a solo 48 toneladas anuales de CO2 y con traslados de hasta 36 minutos como m\u00e1ximo, el Gobierno del Estado de Puebla impulsa el Sistema Integral de Movilidad de Puebla, anunci\u00f3 el coordinador de Gabinete, Jos\u00e9 Luis Garc\u00eda Parra. Garc\u00eda Parra explic\u00f3 que este modelo [&hellip;]<\/p>\n","protected":false},"author":1,"featured_media":82033,"comment_status":"open","ping_status":"open","sticky":false,"template":"","format":"standard","meta":{"om_disable_all_campaigns":false,"_monsterinsights_skip_tracking":false,"_monsterinsights_sitenote_active":false,"_monsterinsights_sitenote_note":"","_monsterinsights_sitenote_category":0,"footnotes":""},"categories":[175],"tags":[239,195,223],"class_list":["post-82032","post","type-post","status-publish","format-standard","has-post-thumbnail","hentry","category-local","tag-gobierno","tag-principal","tag-puebla"],"amp_enabled":true,"_links":{"self":[{"href":"https:\/\/lahora.mx\/index.php\/wp-json\/wp\/v2\/posts\/82032","targetHints":{"allow":["GET"]}}],"collection":[{"href":"https:\/\/lahora.mx\/index.php\/wp-json\/wp\/v2\/posts"}],"about":[{"href":"https:\/\/lahora.mx\/index.php\/wp-json\/wp\/v2\/types\/post"}],"author":[{"embeddable":true,"href":"https:\/\/lahora.mx\/index.php\/wp-json\/wp\/v2\/users\/1"}],"replies":[{"embeddable":true,"href":"https:\/\/lahora.mx\/index.php\/wp-json\/wp\/v2\/comments?post=82032"}],"version-history":[{"count":1,"href":"https:\/\/lahora.mx\/index.php\/wp-json\/wp\/v2\/posts\/82032\/revisions"}],"predecessor-version":[{"id":82034,"href":"https:\/\/lahora.mx\/index.php\/wp-json\/wp\/v2\/posts\/82032\/revisions\/82034"}],"wp:featuredmedia":[{"embeddable":true,"href":"https:\/\/lahora.mx\/index.php\/wp-json\/wp\/v2\/media\/82033"}],"wp:attachment":[{"href":"https:\/\/lahora.mx\/index.php\/wp-json\/wp\/v2\/media?parent=82032"}],"wp:term":[{"taxonomy":"category","embeddable":true,"href":"https:\/\/lahora.mx\/index.php\/wp-json\/wp\/v2\/categories?post=82032"},{"taxonomy":"post_tag","embeddable":true,"href":"https:\/\/lahora.mx\/index.php\/wp-json\/wp\/v2\/tags?post=82032"}],"curies":[{"name":"wp","href":"https:\/\/api.w.org\/{rel}","templated":true}]}}