{"id":82023,"date":"2026-05-01T16:19:26","date_gmt":"2026-05-01T16:19:26","guid":{"rendered":"https:\/\/lahora.mx\/?p=82023"},"modified":"2026-05-01T16:19:26","modified_gmt":"2026-05-01T16:19:26","slug":"cuautlancingo-celebra-el-dia-del-nino-con-la-entrega-de-20-mil-juguetes","status":"publish","type":"post","link":"https:\/\/lahora.mx\/index.php\/2026\/05\/01\/cuautlancingo-celebra-el-dia-del-nino-con-la-entrega-de-20-mil-juguetes\/","title":{"rendered":"Cuautlancingo celebra el D\u00eda del Ni\u00f1o con la entrega de 20 mil juguetes"},"content":{"rendered":"\n<p>En un ambiente familiar, el Gobierno municipal y el Sistema Municipal DIF celebraron el D\u00eda del Ni\u00f1o en la explanada municipal, donde miles de ni\u00f1as y ni\u00f1os disfrutaron de una jornada preparada especialmente para ellos.<\/p>\n\n\n\n<p>El evento cont\u00f3 con la presencia de la presidenta del Patronato del Sistema Estatal DIF, Ceci Arellano, quien acompa\u00f1\u00f3 a las familias durante la celebraci\u00f3n y reafirm\u00f3 el compromiso con el bienestar y desarrollo integral de la infancia.<\/p>\n\n\n\n<p>Como parte central del festejo, se entregaron 20 mil juguetes a ni\u00f1as y ni\u00f1os de distintas comunidades del municipio.<\/p>\n\n\n\n<p>Durante la jornada, las y los asistentes disfrutaron de actividades recreativas, espect\u00e1culos y diversas sorpresas, en un ambiente seguro donde la ni\u00f1ez fue la protagonista.<\/p>\n\n\n\n<p>En su mensaje, Omar Mu\u00f1oz expres\u00f3: \u201cAgradezco a las familias de Cuautlancingo por su participaci\u00f3n en esta celebraci\u00f3n y reconozco el acompa\u00f1amiento de la presidenta Ceci Arellano. Nuestras ni\u00f1as y ni\u00f1os son el presente y el futuro del municipio; por ello, es fundamental fortalecer a las familias como base de una sociedad s\u00f3lida\u201d.<\/p>\n\n\n\n<p>Por su parte, la presidenta del Patronato del SEDIF, Ceci Arellano, destac\u00f3: \u201cPeque\u00f1itas y peque\u00f1itos, este d\u00eda es para ustedes. Su bienestar es nuestra prioridad. Sus sonrisas y sue\u00f1os nos motivan a trabajar todos los d\u00edas para cuidarlos y protegerlos, porque as\u00ed construimos un mejor futuro para Puebla\u201d.<\/p>\n\n\n\n<p>Finalmente, la presidenta del Sistema Municipal DIF Cuautlancingo, Tere Alfaro, se\u00f1al\u00f3: \u201cEs un privilegio servir a las familias de nuestro municipio y compartir esta celebraci\u00f3n. Invitamos a madres y padres a dedicar tiempo de calidad a sus hijas e hijos; ah\u00ed se encuentra la base para formar mejores ciudadanos\u201d.<\/p>\n","protected":false},"excerpt":{"rendered":"<p>En un ambiente familiar, el Gobierno municipal y el Sistema Municipal DIF celebraron el D\u00eda del Ni\u00f1o en la explanada municipal, donde miles de ni\u00f1as y ni\u00f1os disfrutaron de una jornada preparada especialmente para ellos. El evento cont\u00f3 con la presencia de la presidenta del Patronato del Sistema Estatal DIF, Ceci Arellano, quien acompa\u00f1\u00f3 a [&hellip;]<\/p>\n","protected":false},"author":1,"featured_media":82024,"comment_status":"open","ping_status":"open","sticky":false,"template":"","format":"standard","meta":{"om_disable_all_campaigns":false,"_monsterinsights_skip_tracking":false,"_monsterinsights_sitenote_active":false,"_monsterinsights_sitenote_note":"","_monsterinsights_sitenote_category":0,"footnotes":""},"categories":[175],"tags":[223],"class_list":["post-82023","post","type-post","status-publish","format-standard","has-post-thumbnail","hentry","category-local","tag-puebla"],"amp_enabled":true,"_links":{"self":[{"href":"https:\/\/lahora.mx\/index.php\/wp-json\/wp\/v2\/posts\/82023","targetHints":{"allow":["GET"]}}],"collection":[{"href":"https:\/\/lahora.mx\/index.php\/wp-json\/wp\/v2\/posts"}],"about":[{"href":"https:\/\/lahora.mx\/index.php\/wp-json\/wp\/v2\/types\/post"}],"author":[{"embeddable":true,"href":"https:\/\/lahora.mx\/index.php\/wp-json\/wp\/v2\/users\/1"}],"replies":[{"embeddable":true,"href":"https:\/\/lahora.mx\/index.php\/wp-json\/wp\/v2\/comments?post=82023"}],"version-history":[{"count":1,"href":"https:\/\/lahora.mx\/index.php\/wp-json\/wp\/v2\/posts\/82023\/revisions"}],"predecessor-version":[{"id":82025,"href":"https:\/\/lahora.mx\/index.php\/wp-json\/wp\/v2\/posts\/82023\/revisions\/82025"}],"wp:featuredmedia":[{"embeddable":true,"href":"https:\/\/lahora.mx\/index.php\/wp-json\/wp\/v2\/media\/82024"}],"wp:attachment":[{"href":"https:\/\/lahora.mx\/index.php\/wp-json\/wp\/v2\/media?parent=82023"}],"wp:term":[{"taxonomy":"category","embeddable":true,"href":"https:\/\/lahora.mx\/index.php\/wp-json\/wp\/v2\/categories?post=82023"},{"taxonomy":"post_tag","embeddable":true,"href":"https:\/\/lahora.mx\/index.php\/wp-json\/wp\/v2\/tags?post=82023"}],"curies":[{"name":"wp","href":"https:\/\/api.w.org\/{rel}","templated":true}]}}