{"id":82019,"date":"2026-05-01T02:43:41","date_gmt":"2026-05-01T02:43:41","guid":{"rendered":"https:\/\/lahora.mx\/?p=82019"},"modified":"2026-05-01T02:43:42","modified_gmt":"2026-05-01T02:43:42","slug":"gobierno-de-puebla-respalda-a-presidenta-sheinbaum-en-la-defensa-de-la-soberania-nacional","status":"publish","type":"post","link":"https:\/\/lahora.mx\/index.php\/2026\/05\/01\/gobierno-de-puebla-respalda-a-presidenta-sheinbaum-en-la-defensa-de-la-soberania-nacional\/","title":{"rendered":"Gobierno de Puebla respalda a presidenta sheinbaum en la defensa de la soberan\u00eda nacional"},"content":{"rendered":"\n<p>El Gobierno de Puebla acompa\u00f1a y respalda a la presidenta de M\u00e9xico, Claudia Sheinbaum Pardo, en la defensa de la soberan\u00eda nacional, asegur\u00f3 el gobernador Alejandro Armenta Mier, ante la injerencia del Gobierno de Estados Unidos en pol\u00edtica interna.<\/p>\n\n\n\n<p>\u201cEn Puebla y M\u00e9xico la patria se defiende con dignidad, con memoria hist\u00f3rica y con lealtad a la soberan\u00eda nacional\u201d, afirm\u00f3 el gobernador Armenta Mier, al reiterar que el pa\u00eds no acepta tutelas y mucho menos se arrodilla ante intereses extranjeros.<\/p>\n\n\n\n<p>El gobernador subray\u00f3 que bajo ning\u00fan motivo permitir\u00e1n la intromisi\u00f3n o injerencia de un gobierno extranjero en las decisiones que le competen exclusivamente al pueblo de M\u00e9xico.<\/p>\n\n\n\n<p>Ante medios de comunicaci\u00f3n nacionales en las Oficinas de Representaci\u00f3n del Gobierno de Puebla, refiri\u00f3 que la presidenta Claudia Sheinbaum mantiene un desempe\u00f1o estoico y una diplomacia ejemplar, por lo que puntualiz\u00f3 que las y los gobernadores deben asumir esa misma postura ante el contexto actual que enfrenta el pa\u00eds.<\/p>\n\n\n\n<p>\u201cLas y los poblanos entendemos que es momento de sumarnos plenamente a la defensa de la soberan\u00eda\u201d, apunt\u00f3 el titular del Ejecutivo, al reiterar que dicha acci\u00f3n implica respeto a la ley, a la soberan\u00eda y al derecho de las naciones a tomar decisiones sin el intervencionismo de naciones extranjeras.<\/p>\n","protected":false},"excerpt":{"rendered":"<p>El Gobierno de Puebla acompa\u00f1a y respalda a la presidenta de M\u00e9xico, Claudia Sheinbaum Pardo, en la defensa de la soberan\u00eda nacional, asegur\u00f3 el gobernador Alejandro Armenta Mier, ante la injerencia del Gobierno de Estados Unidos en pol\u00edtica interna. \u201cEn Puebla y M\u00e9xico la patria se defiende con dignidad, con memoria hist\u00f3rica y con lealtad [&hellip;]<\/p>\n","protected":false},"author":1,"featured_media":82020,"comment_status":"open","ping_status":"open","sticky":false,"template":"","format":"standard","meta":{"om_disable_all_campaigns":false,"_monsterinsights_skip_tracking":false,"_monsterinsights_sitenote_active":false,"_monsterinsights_sitenote_note":"","_monsterinsights_sitenote_category":0,"footnotes":""},"categories":[175],"tags":[239,223],"class_list":["post-82019","post","type-post","status-publish","format-standard","has-post-thumbnail","hentry","category-local","tag-gobierno","tag-puebla"],"amp_enabled":true,"_links":{"self":[{"href":"https:\/\/lahora.mx\/index.php\/wp-json\/wp\/v2\/posts\/82019","targetHints":{"allow":["GET"]}}],"collection":[{"href":"https:\/\/lahora.mx\/index.php\/wp-json\/wp\/v2\/posts"}],"about":[{"href":"https:\/\/lahora.mx\/index.php\/wp-json\/wp\/v2\/types\/post"}],"author":[{"embeddable":true,"href":"https:\/\/lahora.mx\/index.php\/wp-json\/wp\/v2\/users\/1"}],"replies":[{"embeddable":true,"href":"https:\/\/lahora.mx\/index.php\/wp-json\/wp\/v2\/comments?post=82019"}],"version-history":[{"count":1,"href":"https:\/\/lahora.mx\/index.php\/wp-json\/wp\/v2\/posts\/82019\/revisions"}],"predecessor-version":[{"id":82021,"href":"https:\/\/lahora.mx\/index.php\/wp-json\/wp\/v2\/posts\/82019\/revisions\/82021"}],"wp:featuredmedia":[{"embeddable":true,"href":"https:\/\/lahora.mx\/index.php\/wp-json\/wp\/v2\/media\/82020"}],"wp:attachment":[{"href":"https:\/\/lahora.mx\/index.php\/wp-json\/wp\/v2\/media?parent=82019"}],"wp:term":[{"taxonomy":"category","embeddable":true,"href":"https:\/\/lahora.mx\/index.php\/wp-json\/wp\/v2\/categories?post=82019"},{"taxonomy":"post_tag","embeddable":true,"href":"https:\/\/lahora.mx\/index.php\/wp-json\/wp\/v2\/tags?post=82019"}],"curies":[{"name":"wp","href":"https:\/\/api.w.org\/{rel}","templated":true}]}}