{"id":82010,"date":"2026-05-01T00:44:09","date_gmt":"2026-05-01T00:44:09","guid":{"rendered":"https:\/\/lahora.mx\/?p=82010"},"modified":"2026-05-01T00:44:09","modified_gmt":"2026-05-01T00:44:09","slug":"trump-avala-participacion-de-iran-en-el-mundial-2026-tras-anuncio-de-la-fifa","status":"publish","type":"post","link":"https:\/\/lahora.mx\/index.php\/2026\/05\/01\/trump-avala-participacion-de-iran-en-el-mundial-2026-tras-anuncio-de-la-fifa\/","title":{"rendered":"Trump avala participaci\u00f3n de Ir\u00e1n en el Mundial 2026 tras anuncio de la FIFA"},"content":{"rendered":"\n<p>El presidente Donald Trump expres\u00f3 su conformidad con la participaci\u00f3n de la selecci\u00f3n de Ir\u00e1n en el Mundial 2026, luego de que el titular de la FIFA, Gianni Infantino, confirmara que el combinado iran\u00ed disputar\u00e1 el torneo que se realizar\u00e1 en Estados Unidos, M\u00e9xico y Canad\u00e1 a partir del 11 de junio.<\/p>\n\n\n\n<p>Durante un acto en la Casa Blanca, Trump afirm\u00f3 que hab\u00eda conversado con Infantino sobre el tema y asegur\u00f3 que el dirigente de la FIFA le dio libertad para decidir si permitir\u00eda o no el ingreso del equipo iran\u00ed a territorio estadounidense. Seg\u00fan el mandatario, Infantino le plante\u00f3 que pod\u00eda aceptar o rechazar la presencia de Ir\u00e1n en el pa\u00eds.<br>La declaraci\u00f3n de Trump se produjo despu\u00e9s de que se le informara que Infantino hab\u00eda ratificado, durante el 76 Congreso de la FIFA celebrado en Vancouver, Canad\u00e1, que Ir\u00e1n formar\u00e1 parte de la Copa del Mundo pese a las tensiones derivadas de la guerra iniciada en febrero entre Estados Unidos y la rep\u00fablica isl\u00e1mica.<\/p>\n\n\n\n<p>Al conocer la postura del presidente de la FIFA, Trump respondi\u00f3 que, si Infantino ya hab\u00eda tomado esa decisi\u00f3n, a \u00e9l le parec\u00eda bien. Posteriormente, brome\u00f3 sobre el nivel futbol\u00edstico del equipo iran\u00ed y, al ser cuestionado sobre un eventual triunfo de Ir\u00e1n en el torneo, se\u00f1al\u00f3 que, si eso llegara a ocurrir, habr\u00eda que preocuparse en su momento.<\/p>\n\n\n\n<p>Aunque la FIFA confirm\u00f3 la presencia de Ir\u00e1n en el Mundial, la federaci\u00f3n de ese pa\u00eds no particip\u00f3 en el congreso realizado en Canad\u00e1. Estaba prevista la asistencia de su presidente, Mehdi Taj, pero, de acuerdo con la agencia Tasnim, \u00e9l y su delegaci\u00f3n regresaron a Ir\u00e1n tras denunciar un presunto trato inapropiado por parte de funcionarios migratorios en el aeropuerto de Toronto.<\/p>\n\n\n\n<p>Ir\u00e1n obtuvo su boleto mundialista al terminar como l\u00edder del grupo A en la tercera ronda de la eliminatoria de la Confederaci\u00f3n Asi\u00e1tica de F\u00fatbol. En la fase de grupos del Mundial 2026 qued\u00f3 ubicado en el grupo G, con partidos programados en Los \u00c1ngeles ante Nueva Zelanda y B\u00e9lgica, as\u00ed como en Seattle frente a Egipto.<\/p>\n\n\n\n<p>La participaci\u00f3n iran\u00ed hab\u00eda quedado en duda por la escalada belica entre Estados Unidos, Israel e Ir\u00e1n. A principios de marzo, Mehdi Taj reconoci\u00f3 incertidumbre sobre la posibilidad de que su selecci\u00f3n disputara los partidos mundialistas tras los bombardeos estadounidenses e israel\u00edes en territorio iran\u00ed.<\/p>\n\n\n\n<p>Incluso, el ministro de Deportes de Ir\u00e1n, Ahman Donyamali, lleg\u00f3 a anunciar que el representante persa no acudir\u00eda a la Copa del Mundo. Sin embargo, Infantino busc\u00f3 disipar las dudas al asegurar que el equipo jugar\u00e1 sus compromisos de la fase de grupos en Estados Unidos conforme al calendario previsto.<\/p>\n\n\n\n<p>Por su parte, el secretario del Estado estadounidense, Marco Rubio, indic\u00f3 recientemente que no habr\u00eda inconveniente para autorizar la entrada de la selecci\u00f3n iran\u00ed al pa\u00eds, aunque advirti\u00f3 que Washington no permitir\u00e1 el ingreso de personal t\u00e9cnico de la federaci\u00f3n iran\u00ed que, seg\u00fan el gobierno estadounidense, mantiene v\u00ednculos con la Guardia Revolucionaria.<\/p>\n","protected":false},"excerpt":{"rendered":"<p>El presidente Donald Trump expres\u00f3 su conformidad con la participaci\u00f3n de la selecci\u00f3n de Ir\u00e1n en el Mundial 2026, luego de que el titular de la FIFA, Gianni Infantino, confirmara que el combinado iran\u00ed disputar\u00e1 el torneo que se realizar\u00e1 en Estados Unidos, M\u00e9xico y Canad\u00e1 a partir del 11 de junio. Durante un acto [&hellip;]<\/p>\n","protected":false},"author":1,"featured_media":82011,"comment_status":"open","ping_status":"open","sticky":false,"template":"","format":"standard","meta":{"om_disable_all_campaigns":false,"_monsterinsights_skip_tracking":false,"_monsterinsights_sitenote_active":false,"_monsterinsights_sitenote_note":"","_monsterinsights_sitenote_category":0,"footnotes":""},"categories":[183],"tags":[],"class_list":["post-82010","post","type-post","status-publish","format-standard","has-post-thumbnail","hentry","category-internacional"],"amp_enabled":true,"_links":{"self":[{"href":"https:\/\/lahora.mx\/index.php\/wp-json\/wp\/v2\/posts\/82010","targetHints":{"allow":["GET"]}}],"collection":[{"href":"https:\/\/lahora.mx\/index.php\/wp-json\/wp\/v2\/posts"}],"about":[{"href":"https:\/\/lahora.mx\/index.php\/wp-json\/wp\/v2\/types\/post"}],"author":[{"embeddable":true,"href":"https:\/\/lahora.mx\/index.php\/wp-json\/wp\/v2\/users\/1"}],"replies":[{"embeddable":true,"href":"https:\/\/lahora.mx\/index.php\/wp-json\/wp\/v2\/comments?post=82010"}],"version-history":[{"count":1,"href":"https:\/\/lahora.mx\/index.php\/wp-json\/wp\/v2\/posts\/82010\/revisions"}],"predecessor-version":[{"id":82012,"href":"https:\/\/lahora.mx\/index.php\/wp-json\/wp\/v2\/posts\/82010\/revisions\/82012"}],"wp:featuredmedia":[{"embeddable":true,"href":"https:\/\/lahora.mx\/index.php\/wp-json\/wp\/v2\/media\/82011"}],"wp:attachment":[{"href":"https:\/\/lahora.mx\/index.php\/wp-json\/wp\/v2\/media?parent=82010"}],"wp:term":[{"taxonomy":"category","embeddable":true,"href":"https:\/\/lahora.mx\/index.php\/wp-json\/wp\/v2\/categories?post=82010"},{"taxonomy":"post_tag","embeddable":true,"href":"https:\/\/lahora.mx\/index.php\/wp-json\/wp\/v2\/tags?post=82010"}],"curies":[{"name":"wp","href":"https:\/\/api.w.org\/{rel}","templated":true}]}}