{"id":82007,"date":"2026-05-01T00:43:15","date_gmt":"2026-05-01T00:43:15","guid":{"rendered":"https:\/\/lahora.mx\/?p=82007"},"modified":"2026-05-01T00:43:16","modified_gmt":"2026-05-01T00:43:16","slug":"armenta-respalda-postura-de-sheinbaum-ante-senalamientos-de-eu-contra-ruben-rocha","status":"publish","type":"post","link":"https:\/\/lahora.mx\/index.php\/2026\/05\/01\/armenta-respalda-postura-de-sheinbaum-ante-senalamientos-de-eu-contra-ruben-rocha\/","title":{"rendered":"Armenta respalda postura de Sheinbaum ante se\u00f1alamientos de EU contra Rub\u00e9n Rocha"},"content":{"rendered":"\n<p>El gobernador de Puebla, Alejandro Armenta Mier, manifest\u00f3 el respaldo de la administraci\u00f3n estatal a la postura de la presidenta de M\u00e9xico, Claudia Sheinbaum Pardo, respecto a la defensa de la soberan\u00eda nacional e injerencias de pa\u00edses extranjeros.<\/p>\n\n\n\n<p>Dicho pronunciamiento surge tras la publicaci\u00f3n de cargos por parte del Departamento de Justicia de Estados Unidos contra el gobernador de Sinaloa, Rub\u00e9n Rocha Moya, por presuntos v\u00ednculos con el narcotr\u00e1fico.<br>Durante su rueda de prensa en Ciudad de M\u00e9xico, subray\u00f3 que la entidad se alinea con la pol\u00edtica federal de respeto irrestricto a la autodeterminaci\u00f3n del pa\u00eds frente a las acusaciones externas.<\/p>\n\n\n\n<p>\u00abPuebla se manifiesta plenamente en respaldo a la postura de respeto a la soberan\u00eda nacional de nuestro pa\u00eds\u00bb, afirm\u00f3.<\/p>\n\n\n\n<p>El mandatario estatal enfatiz\u00f3 que la base jur\u00eddica de esta postura emana directamente de la voluntad popular y el orden constitucional, por lo que en sus palabras dijo que \u00abla soberan\u00eda nacional reside esencial y originariamente en el pueblo\u00bb.<\/p>\n\n\n\n<p>Record\u00f3 que la Constituci\u00f3n Pol\u00edtica es expl\u00edcita en prohibir cualquier tipo de intervenci\u00f3n que vulnere las instituciones nacionales.<\/p>\n\n\n\n<p>\u00abLa Constituci\u00f3n establece en M\u00e9xico que, bajo ninguna circunstancia, se aceptar\u00e1n intervenciones, intromisiones o actos del extranjero que lesionen su integridad, independencia o soberan\u00eda\u00bb, sentenci\u00f3.<\/p>\n\n\n\n<p>Asimismo, precis\u00f3 que, incluso en temas de seguridad y justicia coordinada, el Estado mexicano mantiene el control sobre sus procesos, raz\u00f3n por la que no se consentir\u00e1 intervenci\u00f3n en investigaci\u00f3n y persecuci\u00f3n alguna sin autorizaci\u00f3n y colaboraci\u00f3n.<\/p>\n\n\n\n<p>En este contexto, hizo referencia al marco legal que regula la conducta de los servidores p\u00fablicos frente a naciones extranjeras y se\u00f1al\u00f3 que cualquier intento de supeditar la justicia nacional a intereses for\u00e1neos tiene implicaciones penales graves en el c\u00f3digo vigente.<\/p>\n\n\n\n<p>Reiter\u00f3 que Puebla acompa\u00f1ar\u00e1 de manera permanente las acciones que la titular del Ejecutivo federal emprenda para salvaguardar la autonom\u00eda del pa\u00eds, pues el proceso contra el gobernador de Sinaloa debe resolverse bajo el rigor de la ley mexicana.<\/p>\n\n\n\n<p>Finalmente, dijo que, sin evidencia irrefutable presentada ante las autoridades nacionales, no se permitir\u00e1 que procesos externos dicten la agenda de gobernabilidad en las entidades federativas.<\/p>\n","protected":false},"excerpt":{"rendered":"<p>El gobernador de Puebla, Alejandro Armenta Mier, manifest\u00f3 el respaldo de la administraci\u00f3n estatal a la postura de la presidenta de M\u00e9xico, Claudia Sheinbaum Pardo, respecto a la defensa de la soberan\u00eda nacional e injerencias de pa\u00edses extranjeros. Dicho pronunciamiento surge tras la publicaci\u00f3n de cargos por parte del Departamento de Justicia de Estados Unidos [&hellip;]<\/p>\n","protected":false},"author":1,"featured_media":82008,"comment_status":"open","ping_status":"open","sticky":false,"template":"","format":"standard","meta":{"om_disable_all_campaigns":false,"_monsterinsights_skip_tracking":false,"_monsterinsights_sitenote_active":false,"_monsterinsights_sitenote_note":"","_monsterinsights_sitenote_category":0,"footnotes":""},"categories":[175],"tags":[239,195,223],"class_list":["post-82007","post","type-post","status-publish","format-standard","has-post-thumbnail","hentry","category-local","tag-gobierno","tag-principal","tag-puebla"],"amp_enabled":true,"_links":{"self":[{"href":"https:\/\/lahora.mx\/index.php\/wp-json\/wp\/v2\/posts\/82007","targetHints":{"allow":["GET"]}}],"collection":[{"href":"https:\/\/lahora.mx\/index.php\/wp-json\/wp\/v2\/posts"}],"about":[{"href":"https:\/\/lahora.mx\/index.php\/wp-json\/wp\/v2\/types\/post"}],"author":[{"embeddable":true,"href":"https:\/\/lahora.mx\/index.php\/wp-json\/wp\/v2\/users\/1"}],"replies":[{"embeddable":true,"href":"https:\/\/lahora.mx\/index.php\/wp-json\/wp\/v2\/comments?post=82007"}],"version-history":[{"count":1,"href":"https:\/\/lahora.mx\/index.php\/wp-json\/wp\/v2\/posts\/82007\/revisions"}],"predecessor-version":[{"id":82009,"href":"https:\/\/lahora.mx\/index.php\/wp-json\/wp\/v2\/posts\/82007\/revisions\/82009"}],"wp:featuredmedia":[{"embeddable":true,"href":"https:\/\/lahora.mx\/index.php\/wp-json\/wp\/v2\/media\/82008"}],"wp:attachment":[{"href":"https:\/\/lahora.mx\/index.php\/wp-json\/wp\/v2\/media?parent=82007"}],"wp:term":[{"taxonomy":"category","embeddable":true,"href":"https:\/\/lahora.mx\/index.php\/wp-json\/wp\/v2\/categories?post=82007"},{"taxonomy":"post_tag","embeddable":true,"href":"https:\/\/lahora.mx\/index.php\/wp-json\/wp\/v2\/tags?post=82007"}],"curies":[{"name":"wp","href":"https:\/\/api.w.org\/{rel}","templated":true}]}}