{"id":82004,"date":"2026-05-01T00:41:58","date_gmt":"2026-05-01T00:41:58","guid":{"rendered":"https:\/\/lahora.mx\/?p=82004"},"modified":"2026-05-01T00:41:59","modified_gmt":"2026-05-01T00:41:59","slug":"temperaturas-altas-seguiran-en-mexico-en-mayo-advierten-expertos","status":"publish","type":"post","link":"https:\/\/lahora.mx\/index.php\/2026\/05\/01\/temperaturas-altas-seguiran-en-mexico-en-mayo-advierten-expertos\/","title":{"rendered":"Temperaturas altas seguir\u00e1n en M\u00e9xico en mayo, advierten expertos"},"content":{"rendered":"\n<p>Las altas temperaturas que se han registrado en M\u00e9xico en semanas recientes no dar\u00e1n tregua en el corto plazo. De acuerdo con proyecciones clim\u00e1ticas internacionales y nacionales, la onda de calor podr\u00eda extenderse durante mayo, afectando a diversas regiones del pa\u00eds.<\/p>\n\n\n\n<p>Seg\u00fan estimaciones de la Organizaci\u00f3n Meteorol\u00f3gica Mundial (OMM), los meses de mayo, junio y julio estar\u00e1n marcados por temperaturas por encima del promedio en gran parte del planeta. Entre las zonas con mayor impacto se encuentra el sur de Am\u00e9rica del Norte, as\u00ed como Am\u00e9rica Central y el Caribe.<br>Uno de los factores que explican este comportamiento es el posible desarrollo del fen\u00f3meno de El Ni\u00f1o, el cual podr\u00eda consolidarse entre mayo y julio. Este evento se caracteriza por el calentamiento de las aguas del Pac\u00edfico ecuatorial, lo que altera los patrones clim\u00e1ticos y suele provocar aumento de temperaturas y cambios en las lluvias.<\/p>\n\n\n\n<p>En el caso de M\u00e9xico, este panorama coincide con la actual ola de calor que ya impacta a varios estados. De acuerdo con la Comisi\u00f3n Nacional del Agua (Conagua), durante los primeros d\u00edas de mayo persistir\u00e1 el ambiente caluroso en entidades como Puebla, Veracruz, Oaxaca, Chiapas, adem\u00e1s de regiones del Baj\u00edo y el occidente del pa\u00eds.<\/p>\n\n\n\n<p>Especialistas se\u00f1alan que, aunque el fen\u00f3meno de El Ni\u00f1o no ocurre cada a\u00f1o, su interacci\u00f3n con el cambio clim\u00e1tico puede intensificar eventos extremos como olas de calor y sequ\u00edas prolongadas. Esto implica que las temperaturas no solo podr\u00edan mantenerse elevadas, sino tambi\u00e9n prolongarse durante buena parte del verano.<\/p>\n\n\n\n<p>Ante este escenario, autoridades recomiendan tomar precauciones b\u00e1sicas: mantenerse bien hidratado, evitar la exposici\u00f3n prolongada al sol en horas pico y seguir los reportes oficiales sobre las condiciones del clima. Tambi\u00e9n se sugiere poner especial atenci\u00f3n en ni\u00f1os, adultos mayores y personas con enfermedades cr\u00f3nicas, quienes son m\u00e1s vulnerables a los efectos del calor.<\/p>\n\n\n\n<p>Aunque en algunas zonas podr\u00eda registrarse una ligera disminuci\u00f3n en los term\u00f3metros, el pron\u00f3stico general apunta a que el calor seguir\u00e1 siendo un factor dominante en el pa\u00eds durante las pr\u00f3ximas semanas.<\/p>\n","protected":false},"excerpt":{"rendered":"<p>Las altas temperaturas que se han registrado en M\u00e9xico en semanas recientes no dar\u00e1n tregua en el corto plazo. De acuerdo con proyecciones clim\u00e1ticas internacionales y nacionales, la onda de calor podr\u00eda extenderse durante mayo, afectando a diversas regiones del pa\u00eds. Seg\u00fan estimaciones de la Organizaci\u00f3n Meteorol\u00f3gica Mundial (OMM), los meses de mayo, junio y [&hellip;]<\/p>\n","protected":false},"author":1,"featured_media":82005,"comment_status":"open","ping_status":"open","sticky":false,"template":"","format":"standard","meta":{"om_disable_all_campaigns":false,"_monsterinsights_skip_tracking":false,"_monsterinsights_sitenote_active":false,"_monsterinsights_sitenote_note":"","_monsterinsights_sitenote_category":0,"footnotes":""},"categories":[176],"tags":[],"class_list":["post-82004","post","type-post","status-publish","format-standard","has-post-thumbnail","hentry","category-nacional"],"amp_enabled":true,"_links":{"self":[{"href":"https:\/\/lahora.mx\/index.php\/wp-json\/wp\/v2\/posts\/82004","targetHints":{"allow":["GET"]}}],"collection":[{"href":"https:\/\/lahora.mx\/index.php\/wp-json\/wp\/v2\/posts"}],"about":[{"href":"https:\/\/lahora.mx\/index.php\/wp-json\/wp\/v2\/types\/post"}],"author":[{"embeddable":true,"href":"https:\/\/lahora.mx\/index.php\/wp-json\/wp\/v2\/users\/1"}],"replies":[{"embeddable":true,"href":"https:\/\/lahora.mx\/index.php\/wp-json\/wp\/v2\/comments?post=82004"}],"version-history":[{"count":1,"href":"https:\/\/lahora.mx\/index.php\/wp-json\/wp\/v2\/posts\/82004\/revisions"}],"predecessor-version":[{"id":82006,"href":"https:\/\/lahora.mx\/index.php\/wp-json\/wp\/v2\/posts\/82004\/revisions\/82006"}],"wp:featuredmedia":[{"embeddable":true,"href":"https:\/\/lahora.mx\/index.php\/wp-json\/wp\/v2\/media\/82005"}],"wp:attachment":[{"href":"https:\/\/lahora.mx\/index.php\/wp-json\/wp\/v2\/media?parent=82004"}],"wp:term":[{"taxonomy":"category","embeddable":true,"href":"https:\/\/lahora.mx\/index.php\/wp-json\/wp\/v2\/categories?post=82004"},{"taxonomy":"post_tag","embeddable":true,"href":"https:\/\/lahora.mx\/index.php\/wp-json\/wp\/v2\/tags?post=82004"}],"curies":[{"name":"wp","href":"https:\/\/api.w.org\/{rel}","templated":true}]}}