{"id":81996,"date":"2026-04-30T22:08:56","date_gmt":"2026-04-30T22:08:56","guid":{"rendered":"https:\/\/lahora.mx\/?p=81996"},"modified":"2026-04-30T22:08:57","modified_gmt":"2026-04-30T22:08:57","slug":"sep-analiza-modificar-el-calendario-escolar-por-el-mundial-2026","status":"publish","type":"post","link":"https:\/\/lahora.mx\/index.php\/2026\/04\/30\/sep-analiza-modificar-el-calendario-escolar-por-el-mundial-2026\/","title":{"rendered":"SEP analiza modificar el calendario escolar por el Mundial 2026"},"content":{"rendered":"\n<p>La pasi\u00f3n por el mundial se encuentra por todas partes y ante el inicio de la contienda, la Secretar\u00eda de Educaci\u00f3n P\u00fablica (SEP) confirm\u00f3 que se encuentra evaluando modificaciones oficiales al calendario escolar.<\/p>\n\n\n\n<p>La decisi\u00f3n final se tomar\u00e1 la pr\u00f3xima semana en una reuni\u00f3n clave con los secretarios de educaci\u00f3n de todos los estados del pa\u00eds, inform\u00f3 Mario Delgado, titular de la Secretar\u00eda de Educaci\u00f3n P\u00fablica.<br>No todos los estados seguir\u00e1n la misma estrategia. Las entidades que albergar\u00e1n partidos (Ciudad de M\u00e9xico, Jalisco y Nuevo Le\u00f3n) son las m\u00e1s interesadas en ajustar sus calendarios debido a la log\u00edstica, el tr\u00e1fico y la seguridad.<\/p>\n\n\n\n<p>Los estados proponen:<\/p>\n\n\n\n<p>-Jalisco: Transici\u00f3n a clases en l\u00ednea durante los d\u00edas de partido.<\/p>\n\n\n\n<p>-Nuevo Le\u00f3n: Propone adelantar el fin de curso o modificar horarios.<\/p>\n\n\n\n<p>-Ciudad de M\u00e9xico: La jefa de Gobierno, Clara Brugada, ha sugerido la posibilidad de suspender clases presenciales y optar por el trabajo a distancia.<\/p>\n\n\n\n<p>Existen otros factores cr\u00edticos que los estados han puesto como prioridad para modificar las fechas escolares:<\/p>\n\n\n\n<p>-Altas temperaturas<\/p>\n\n\n\n<p>-El clima extremo y las olas de calor en el norte y sureste del pa\u00eds.<\/p>\n\n\n\n<p>-Peticiones magisteriales<\/p>\n\n\n\n<p>\u00abTendremos una respuesta definitiva la pr\u00f3xima semana. Estamos dialogando con todos los sectores para decidir qu\u00e9 es lo mejor para los estudiantes\u00bb, afirm\u00f3 Delgado<\/p>\n","protected":false},"excerpt":{"rendered":"<p>La pasi\u00f3n por el mundial se encuentra por todas partes y ante el inicio de la contienda, la Secretar\u00eda de Educaci\u00f3n P\u00fablica (SEP) confirm\u00f3 que se encuentra evaluando modificaciones oficiales al calendario escolar. La decisi\u00f3n final se tomar\u00e1 la pr\u00f3xima semana en una reuni\u00f3n clave con los secretarios de educaci\u00f3n de todos los estados del [&hellip;]<\/p>\n","protected":false},"author":1,"featured_media":81997,"comment_status":"open","ping_status":"open","sticky":false,"template":"","format":"standard","meta":{"om_disable_all_campaigns":false,"_monsterinsights_skip_tracking":false,"_monsterinsights_sitenote_active":false,"_monsterinsights_sitenote_note":"","_monsterinsights_sitenote_category":0,"footnotes":""},"categories":[176],"tags":[],"class_list":["post-81996","post","type-post","status-publish","format-standard","has-post-thumbnail","hentry","category-nacional"],"amp_enabled":true,"_links":{"self":[{"href":"https:\/\/lahora.mx\/index.php\/wp-json\/wp\/v2\/posts\/81996","targetHints":{"allow":["GET"]}}],"collection":[{"href":"https:\/\/lahora.mx\/index.php\/wp-json\/wp\/v2\/posts"}],"about":[{"href":"https:\/\/lahora.mx\/index.php\/wp-json\/wp\/v2\/types\/post"}],"author":[{"embeddable":true,"href":"https:\/\/lahora.mx\/index.php\/wp-json\/wp\/v2\/users\/1"}],"replies":[{"embeddable":true,"href":"https:\/\/lahora.mx\/index.php\/wp-json\/wp\/v2\/comments?post=81996"}],"version-history":[{"count":1,"href":"https:\/\/lahora.mx\/index.php\/wp-json\/wp\/v2\/posts\/81996\/revisions"}],"predecessor-version":[{"id":81998,"href":"https:\/\/lahora.mx\/index.php\/wp-json\/wp\/v2\/posts\/81996\/revisions\/81998"}],"wp:featuredmedia":[{"embeddable":true,"href":"https:\/\/lahora.mx\/index.php\/wp-json\/wp\/v2\/media\/81997"}],"wp:attachment":[{"href":"https:\/\/lahora.mx\/index.php\/wp-json\/wp\/v2\/media?parent=81996"}],"wp:term":[{"taxonomy":"category","embeddable":true,"href":"https:\/\/lahora.mx\/index.php\/wp-json\/wp\/v2\/categories?post=81996"},{"taxonomy":"post_tag","embeddable":true,"href":"https:\/\/lahora.mx\/index.php\/wp-json\/wp\/v2\/tags?post=81996"}],"curies":[{"name":"wp","href":"https:\/\/api.w.org\/{rel}","templated":true}]}}