{"id":81993,"date":"2026-04-30T22:00:04","date_gmt":"2026-04-30T22:00:04","guid":{"rendered":"https:\/\/lahora.mx\/?p=81993"},"modified":"2026-04-30T22:00:06","modified_gmt":"2026-04-30T22:00:06","slug":"san-pedro-cholula-mantendra-servicio-de-limpieza-durante-los-dias-festivos","status":"publish","type":"post","link":"https:\/\/lahora.mx\/index.php\/2026\/04\/30\/san-pedro-cholula-mantendra-servicio-de-limpieza-durante-los-dias-festivos\/","title":{"rendered":"San Pedro Cholula mantendr\u00e1 servicio de limpieza durante los d\u00edas festivos"},"content":{"rendered":"\n<p>El Gobierno de San Pedro Cholula inform\u00f3 que los servicios de recolecci\u00f3n de residuos s\u00f3lidos urbanos y barrido se mantendr\u00e1n de manera habitual durante los d\u00edas festivos del 1 y 5 de mayo en todo el municipio.<\/p>\n\n\n\n<p>A trav\u00e9s del Organismo Operador del Servicio de Limpia, la administraci\u00f3n encabezada por la presidenta municipal Tonantzin Fern\u00e1ndez se\u00f1al\u00f3 que estos trabajos continuar\u00e1n con normalidad para garantizar la atenci\u00f3n a la ciudadan\u00eda y contribuir al mantenimiento adecuado de los espacios p\u00fablicos.<br>La autoridad municipal exhort\u00f3 a la poblaci\u00f3n a respetar los horarios y d\u00edas establecidos para la recolecci\u00f3n, as\u00ed como a consultar las redes sociales oficiales para mantenerse informada sobre el funcionamiento de los servicios.<\/p>\n\n\n\n<p>En cuanto al programa Ruta del Reciclaje, el organismo dio a conocer que suspender\u00e1 actividades los d\u00edas 1 y 2 de mayo. El servicio de recolecci\u00f3n de residuos reciclables se reanudar\u00e1 el martes 5 de mayo, en sus horarios habituales.<\/p>\n\n\n\n<p>El Gobierno de San Pedro Cholula reiter\u00f3 su compromiso de mantener un trabajo cercano con la ciudadan\u00eda para impulsar acciones que contribuyan a conservar un municipio limpio, ordenado y con mejores condiciones de vida.<\/p>\n","protected":false},"excerpt":{"rendered":"<p>El Gobierno de San Pedro Cholula inform\u00f3 que los servicios de recolecci\u00f3n de residuos s\u00f3lidos urbanos y barrido se mantendr\u00e1n de manera habitual durante los d\u00edas festivos del 1 y 5 de mayo en todo el municipio. A trav\u00e9s del Organismo Operador del Servicio de Limpia, la administraci\u00f3n encabezada por la presidenta municipal Tonantzin Fern\u00e1ndez [&hellip;]<\/p>\n","protected":false},"author":1,"featured_media":81994,"comment_status":"open","ping_status":"open","sticky":false,"template":"","format":"standard","meta":{"om_disable_all_campaigns":false,"_monsterinsights_skip_tracking":false,"_monsterinsights_sitenote_active":false,"_monsterinsights_sitenote_note":"","_monsterinsights_sitenote_category":0,"footnotes":""},"categories":[175],"tags":[234,223],"class_list":["post-81993","post","type-post","status-publish","format-standard","has-post-thumbnail","hentry","category-local","tag-cholula","tag-puebla"],"amp_enabled":true,"_links":{"self":[{"href":"https:\/\/lahora.mx\/index.php\/wp-json\/wp\/v2\/posts\/81993","targetHints":{"allow":["GET"]}}],"collection":[{"href":"https:\/\/lahora.mx\/index.php\/wp-json\/wp\/v2\/posts"}],"about":[{"href":"https:\/\/lahora.mx\/index.php\/wp-json\/wp\/v2\/types\/post"}],"author":[{"embeddable":true,"href":"https:\/\/lahora.mx\/index.php\/wp-json\/wp\/v2\/users\/1"}],"replies":[{"embeddable":true,"href":"https:\/\/lahora.mx\/index.php\/wp-json\/wp\/v2\/comments?post=81993"}],"version-history":[{"count":1,"href":"https:\/\/lahora.mx\/index.php\/wp-json\/wp\/v2\/posts\/81993\/revisions"}],"predecessor-version":[{"id":81995,"href":"https:\/\/lahora.mx\/index.php\/wp-json\/wp\/v2\/posts\/81993\/revisions\/81995"}],"wp:featuredmedia":[{"embeddable":true,"href":"https:\/\/lahora.mx\/index.php\/wp-json\/wp\/v2\/media\/81994"}],"wp:attachment":[{"href":"https:\/\/lahora.mx\/index.php\/wp-json\/wp\/v2\/media?parent=81993"}],"wp:term":[{"taxonomy":"category","embeddable":true,"href":"https:\/\/lahora.mx\/index.php\/wp-json\/wp\/v2\/categories?post=81993"},{"taxonomy":"post_tag","embeddable":true,"href":"https:\/\/lahora.mx\/index.php\/wp-json\/wp\/v2\/tags?post=81993"}],"curies":[{"name":"wp","href":"https:\/\/api.w.org\/{rel}","templated":true}]}}