{"id":81987,"date":"2026-04-30T21:45:06","date_gmt":"2026-04-30T21:45:06","guid":{"rendered":"https:\/\/lahora.mx\/?p=81987"},"modified":"2026-04-30T21:45:07","modified_gmt":"2026-04-30T21:45:07","slug":"destaca-secihti-federal-apoyo-de-armenta-mier-a-la-educacion-superior-con-universidad-rosario-castellanos","status":"publish","type":"post","link":"https:\/\/lahora.mx\/index.php\/2026\/04\/30\/destaca-secihti-federal-apoyo-de-armenta-mier-a-la-educacion-superior-con-universidad-rosario-castellanos\/","title":{"rendered":"Destaca SECIHTI Federal apoyo de Armenta Mier a la educaci\u00f3n superior con universidad Rosario Castellanos"},"content":{"rendered":"\n<p>Al resaltar que hay una relaci\u00f3n intensa y permanente de trabajo entre la Secretar\u00eda de Ciencias, Humanidades, Tecnolog\u00eda e Innovaci\u00f3n (SECIHTI) y el Gobierno del Estado de Puebla, la titular federal, Rosaura Ruiz Guti\u00e9rrez reconoci\u00f3 el trabajo de la administraci\u00f3n estatal encabezada por el gobernador Alejandro Armenta Mier, con el impulso de proyectos como la Universidad Rosario Castellanos(UR), que ampl\u00edan el acceso a la formaci\u00f3n profesional.<\/p>\n\n\n\n<p>Durante un recorrido por la sede actual de la Universidad, la secretaria federal, Rosaura Ruiz, apunt\u00f3 que la entidad consolida su apuesta por la educaci\u00f3n superior con la pr\u00f3xima operaci\u00f3n de la Universidad Rosario Castellanos, que ofrecer\u00e1 licenciaturas en \u00e1reas de la salud y que acerca a los sectores de escasos recursos, alternativas de formaci\u00f3n profesional, al tiempo que cubre las necesidades de m\u00e9dicos en municipios y comunidades. Con lo cual el derecho a la educaci\u00f3n y a la salud se cumplen en Puebla.<\/p>\n\n\n\n<p>Por su parte, la doctora en Biolog\u00eda, Annie Pardo Cemo, subray\u00f3 que en Puebla se impulsa a la ciencia y la educaci\u00f3n, al considerar que estas acciones fortalecen el avance del pa\u00eds y permiten superar retos a nivel internacional.<\/p>\n\n\n\n<p>La subsecretaria de Desarrollo Tecnol\u00f3gico, Vinculaci\u00f3n e Innovaci\u00f3n a nivel federal, Celina Pe\u00f1a Guzm\u00e1n, destac\u00f3 la coordinaci\u00f3n efectiva con el gobierno estatal y subray\u00f3 el apoyo sin precedentes a la tecnolog\u00eda promovido por el gobernador Alejandro Armenta Mier.<\/p>\n\n\n\n<p>Se\u00f1al\u00f3 que existe una colaboraci\u00f3n s\u00f3lida con la federaci\u00f3n y reconoci\u00f3 la apertura de la secretaria federal Rosaura Ruiz para integrar a Puebla en proyectos estrat\u00e9gicos de alcance nacional.<\/p>\n\n\n\n<p>Al visitar las instalaciones provisionales de la Universidad Rosario Castellanos, en la 2 sur #1107 en el Centro Hist\u00f3rico de la capital poblana, se inform\u00f3 que el nuevo campus cuenta con una superficie de 2 mil 266 metros cuadrados y una inversi\u00f3n de 11 millones de pesos. El espacio tiene capacidad para albergar a 400 estudiantes, con infraestructura adecuada que incluye aulas, sanitarios y un elevador para personas con discapacidad, lo que garantiza condiciones de accesibilidad e inclusi\u00f3n.<\/p>\n\n\n\n<p>El secretario de Infraestructura, Jos\u00e9 Manuel Contreras de los Santos, confirm\u00f3 que las instalaciones se encuentran listas para operar. A su vez, el director de Universidades e Institutos de la Secretar\u00eda de Educaci\u00f3n P\u00fablica (SEP), Irvin C\u00f3rdova Guerrero, inform\u00f3 que la publicaci\u00f3n de resultados ser\u00e1 el 12 de mayo, las inscripciones se realizar\u00e1n del 7 al 10 de julio y el inicio de clases est\u00e1 programado para el 3 de agosto.<\/p>\n\n\n\n<p>El Gobierno del Estado prioriza una oferta educativa plural, con programas como Deporte y Ciencias Policiales, as\u00ed como la Universidad de la Creaci\u00f3n de las Artes y la Cultura, que impulsan el desarrollo del sector creativo, con una visi\u00f3n de transformaci\u00f3n, paz, inclusi\u00f3n y recuperaci\u00f3n del tejido social, en concordancia con la visi\u00f3n humanista y cient\u00edfica de la presidenta Claudia Sheinbaum.<\/p>\n\n\n\n<p>Al recorrido tambi\u00e9n asistieron la titular en el estado de la SECIHTI, Miryam Aquino Mena, y el subsecretario de Transformaci\u00f3n Digital de SECIHTI, H\u00e9ctor Silva.<\/p>\n","protected":false},"excerpt":{"rendered":"<p>Al resaltar que hay una relaci\u00f3n intensa y permanente de trabajo entre la Secretar\u00eda de Ciencias, Humanidades, Tecnolog\u00eda e Innovaci\u00f3n (SECIHTI) y el Gobierno del Estado de Puebla, la titular federal, Rosaura Ruiz Guti\u00e9rrez reconoci\u00f3 el trabajo de la administraci\u00f3n estatal encabezada por el gobernador Alejandro Armenta Mier, con el impulso de proyectos como la [&hellip;]<\/p>\n","protected":false},"author":1,"featured_media":81988,"comment_status":"open","ping_status":"open","sticky":false,"template":"","format":"standard","meta":{"om_disable_all_campaigns":false,"_monsterinsights_skip_tracking":false,"_monsterinsights_sitenote_active":false,"_monsterinsights_sitenote_note":"","_monsterinsights_sitenote_category":0,"footnotes":""},"categories":[175],"tags":[239,223],"class_list":["post-81987","post","type-post","status-publish","format-standard","has-post-thumbnail","hentry","category-local","tag-gobierno","tag-puebla"],"amp_enabled":true,"_links":{"self":[{"href":"https:\/\/lahora.mx\/index.php\/wp-json\/wp\/v2\/posts\/81987","targetHints":{"allow":["GET"]}}],"collection":[{"href":"https:\/\/lahora.mx\/index.php\/wp-json\/wp\/v2\/posts"}],"about":[{"href":"https:\/\/lahora.mx\/index.php\/wp-json\/wp\/v2\/types\/post"}],"author":[{"embeddable":true,"href":"https:\/\/lahora.mx\/index.php\/wp-json\/wp\/v2\/users\/1"}],"replies":[{"embeddable":true,"href":"https:\/\/lahora.mx\/index.php\/wp-json\/wp\/v2\/comments?post=81987"}],"version-history":[{"count":1,"href":"https:\/\/lahora.mx\/index.php\/wp-json\/wp\/v2\/posts\/81987\/revisions"}],"predecessor-version":[{"id":81989,"href":"https:\/\/lahora.mx\/index.php\/wp-json\/wp\/v2\/posts\/81987\/revisions\/81989"}],"wp:featuredmedia":[{"embeddable":true,"href":"https:\/\/lahora.mx\/index.php\/wp-json\/wp\/v2\/media\/81988"}],"wp:attachment":[{"href":"https:\/\/lahora.mx\/index.php\/wp-json\/wp\/v2\/media?parent=81987"}],"wp:term":[{"taxonomy":"category","embeddable":true,"href":"https:\/\/lahora.mx\/index.php\/wp-json\/wp\/v2\/categories?post=81987"},{"taxonomy":"post_tag","embeddable":true,"href":"https:\/\/lahora.mx\/index.php\/wp-json\/wp\/v2\/tags?post=81987"}],"curies":[{"name":"wp","href":"https:\/\/api.w.org\/{rel}","templated":true}]}}