{"id":81978,"date":"2026-04-30T17:56:31","date_gmt":"2026-04-30T17:56:31","guid":{"rendered":"https:\/\/lahora.mx\/?p=81978"},"modified":"2026-04-30T17:56:31","modified_gmt":"2026-04-30T17:56:31","slug":"jubilados-de-la-cfe-se-manifiestan-en-las-instalaciones-de-la-25-poniente","status":"publish","type":"post","link":"https:\/\/lahora.mx\/index.php\/2026\/04\/30\/jubilados-de-la-cfe-se-manifiestan-en-las-instalaciones-de-la-25-poniente\/","title":{"rendered":"Jubilados de la CFE se manifiestan en las instalaciones de la 25 Poniente"},"content":{"rendered":"\n<p>La ma\u00f1ana de este jueves, un grupos se pensionados se manifiesta en las oficinas de la Comisi\u00f3n Federal de Electricidad para exigir se respeten sus pensiones las cuales afirman no son \u201cdoradas\u201d, sino ganadas.<\/p>\n\n\n\n<p>El grupo de inconformes tambi\u00e9n argumenta que la ley no es retroactiva en nuestro pa\u00eds y por ende no les puedes restas derechos adquiridos.<br>Se le ha llamado \u201cpensiones doradas\u201d porque son jubilaciones que otorgan beneficios econ\u00f3micos muy altos y privilegiados, muy por encima de lo que recibe la mayor\u00eda de la poblaci\u00f3n.<\/p>\n\n\n\n<p>Dichas pensiones implican montos elevados (a veces equivalentes al \u00faltimo salario completo o m\u00e1s). Y en algunos casos, tambi\u00e9n incluyen beneficios adicionales, como seguros, bonos o ajustes autom\u00e1ticos.<\/p>\n\n\n\n<p>En M\u00e9xico est\u00e1 el debate sobre las \u201cpensiones doradas\u201d por el impacto que tienen en las finanzas p\u00fablicas.<\/p>\n\n\n\n<p>Por su parte, los jubilados argumentan que sus pensiones no son privilegios, sino derechos establecidos en contratos colectivos negociados durante a\u00f1os. Rechazan el t\u00e9rmino \u201cdoradas\u201d porque consideran que estigmatiza prestaciones ganadas legalmente.<\/p>\n","protected":false},"excerpt":{"rendered":"<p>La ma\u00f1ana de este jueves, un grupos se pensionados se manifiesta en las oficinas de la Comisi\u00f3n Federal de Electricidad para exigir se respeten sus pensiones las cuales afirman no son \u201cdoradas\u201d, sino ganadas. El grupo de inconformes tambi\u00e9n argumenta que la ley no es retroactiva en nuestro pa\u00eds y por ende no les puedes [&hellip;]<\/p>\n","protected":false},"author":1,"featured_media":81979,"comment_status":"open","ping_status":"open","sticky":false,"template":"","format":"standard","meta":{"om_disable_all_campaigns":false,"_monsterinsights_skip_tracking":false,"_monsterinsights_sitenote_active":false,"_monsterinsights_sitenote_note":"","_monsterinsights_sitenote_category":0,"footnotes":""},"categories":[175],"tags":[195,223],"class_list":["post-81978","post","type-post","status-publish","format-standard","has-post-thumbnail","hentry","category-local","tag-principal","tag-puebla"],"amp_enabled":true,"_links":{"self":[{"href":"https:\/\/lahora.mx\/index.php\/wp-json\/wp\/v2\/posts\/81978","targetHints":{"allow":["GET"]}}],"collection":[{"href":"https:\/\/lahora.mx\/index.php\/wp-json\/wp\/v2\/posts"}],"about":[{"href":"https:\/\/lahora.mx\/index.php\/wp-json\/wp\/v2\/types\/post"}],"author":[{"embeddable":true,"href":"https:\/\/lahora.mx\/index.php\/wp-json\/wp\/v2\/users\/1"}],"replies":[{"embeddable":true,"href":"https:\/\/lahora.mx\/index.php\/wp-json\/wp\/v2\/comments?post=81978"}],"version-history":[{"count":1,"href":"https:\/\/lahora.mx\/index.php\/wp-json\/wp\/v2\/posts\/81978\/revisions"}],"predecessor-version":[{"id":81980,"href":"https:\/\/lahora.mx\/index.php\/wp-json\/wp\/v2\/posts\/81978\/revisions\/81980"}],"wp:featuredmedia":[{"embeddable":true,"href":"https:\/\/lahora.mx\/index.php\/wp-json\/wp\/v2\/media\/81979"}],"wp:attachment":[{"href":"https:\/\/lahora.mx\/index.php\/wp-json\/wp\/v2\/media?parent=81978"}],"wp:term":[{"taxonomy":"category","embeddable":true,"href":"https:\/\/lahora.mx\/index.php\/wp-json\/wp\/v2\/categories?post=81978"},{"taxonomy":"post_tag","embeddable":true,"href":"https:\/\/lahora.mx\/index.php\/wp-json\/wp\/v2\/tags?post=81978"}],"curies":[{"name":"wp","href":"https:\/\/api.w.org\/{rel}","templated":true}]}}