{"id":81972,"date":"2026-04-30T17:43:35","date_gmt":"2026-04-30T17:43:35","guid":{"rendered":"https:\/\/lahora.mx\/?p=81972"},"modified":"2026-04-30T17:43:36","modified_gmt":"2026-04-30T17:43:36","slug":"maltrato-a-adulto-mayor-en-tahuacan","status":"publish","type":"post","link":"https:\/\/lahora.mx\/index.php\/2026\/04\/30\/maltrato-a-adulto-mayor-en-tahuacan\/","title":{"rendered":"Maltrato a adulto mayor en Tahuac\u00e1n"},"content":{"rendered":"\n<p>Germ\u00e1n P\u00e9rez Soriano, un hombre de 73 a\u00f1os de edad, en la terminal de Urvan Tehuac\u00e1n-Puebla, mientras hu\u00eda junto a su nieto con discapacidad, de presuntos abusos familiares, que habr\u00edan sufrido durante varios meses.<\/p>\n\n\n\n<p>Unidades m\u00e9dicas habr\u00edan acudido a la estaci\u00f3n de autobuses ante el reporte de un adulto mayor que colaps\u00f3 en el piso, sin embargo, durante la atenci\u00f3n descubrieron los maltratos a los que estaban expuestos.<\/p>\n\n\n\n<p>De acuerdo con testimonios de vecinos del municipio de San Francisco Altepexi, ambos viv\u00edan en condiciones inhumanas bajo el cuidado de familiares directos, quienes presuntamente los somet\u00edan a maltrato f\u00edsico, psicol\u00f3gico y omisi\u00f3n de cuidados.<\/p>\n\n\n\n<p>Seg\u00fan las denuncias presentadas, frecuentemente eran privados de alimento y obligados a permanecer a la intemperie como forma de castigo.<\/p>\n\n\n\n<p>Los \u201ccuidadores\u201d se aprovechaban de que el menor qued\u00f3 en orfandad tras la muerte de sus padres durante la pandemia, situaci\u00f3n por la que el abuelo asumi\u00f3 su tutela, aunque tambi\u00e9n depend\u00eda de terceros.<\/p>\n\n\n\n<p>Debido a las condiciones a las que estaban expuestos, los dos decidieron escapar en varias ocasiones sin tener \u00e9xito en ninguna.<\/p>\n\n\n\n<p>El Sistema para el Desarrollo Integral de la Familia (DIF) de Altepexi ten\u00eda conocimiento de esta situaci\u00f3n, la cual decidieron ignorar, a pesar de que personas que conoc\u00edan el caso denunciaron ante las autoridades locales.<\/p>\n\n\n\n<p>Hasta este momento, reportan que el se\u00f1or Germ\u00e1n permanece hospitalizado, en tanto crece la exigencia ciudadana para que el caso sea investigado y no quede impune.<\/p>\n\n\n\n<p>Mientras tanto, el menor est\u00e1 en resguardo por parte del DIF de Tehuac\u00e1n, quienes tambi\u00e9n se est\u00e1n encari\u00f1aron de iniciar las acciones legales para garantizar su protecci\u00f3n.<\/p>\n","protected":false},"excerpt":{"rendered":"<p>Germ\u00e1n P\u00e9rez Soriano, un hombre de 73 a\u00f1os de edad, en la terminal de Urvan Tehuac\u00e1n-Puebla, mientras hu\u00eda junto a su nieto con discapacidad, de presuntos abusos familiares, que habr\u00edan sufrido durante varios meses. Unidades m\u00e9dicas habr\u00edan acudido a la estaci\u00f3n de autobuses ante el reporte de un adulto mayor que colaps\u00f3 en el piso, [&hellip;]<\/p>\n","protected":false},"author":1,"featured_media":81973,"comment_status":"open","ping_status":"open","sticky":false,"template":"","format":"standard","meta":{"om_disable_all_campaigns":false,"_monsterinsights_skip_tracking":false,"_monsterinsights_sitenote_active":false,"_monsterinsights_sitenote_note":"","_monsterinsights_sitenote_category":0,"footnotes":""},"categories":[175],"tags":[],"class_list":["post-81972","post","type-post","status-publish","format-standard","has-post-thumbnail","hentry","category-local"],"amp_enabled":true,"_links":{"self":[{"href":"https:\/\/lahora.mx\/index.php\/wp-json\/wp\/v2\/posts\/81972","targetHints":{"allow":["GET"]}}],"collection":[{"href":"https:\/\/lahora.mx\/index.php\/wp-json\/wp\/v2\/posts"}],"about":[{"href":"https:\/\/lahora.mx\/index.php\/wp-json\/wp\/v2\/types\/post"}],"author":[{"embeddable":true,"href":"https:\/\/lahora.mx\/index.php\/wp-json\/wp\/v2\/users\/1"}],"replies":[{"embeddable":true,"href":"https:\/\/lahora.mx\/index.php\/wp-json\/wp\/v2\/comments?post=81972"}],"version-history":[{"count":1,"href":"https:\/\/lahora.mx\/index.php\/wp-json\/wp\/v2\/posts\/81972\/revisions"}],"predecessor-version":[{"id":81974,"href":"https:\/\/lahora.mx\/index.php\/wp-json\/wp\/v2\/posts\/81972\/revisions\/81974"}],"wp:featuredmedia":[{"embeddable":true,"href":"https:\/\/lahora.mx\/index.php\/wp-json\/wp\/v2\/media\/81973"}],"wp:attachment":[{"href":"https:\/\/lahora.mx\/index.php\/wp-json\/wp\/v2\/media?parent=81972"}],"wp:term":[{"taxonomy":"category","embeddable":true,"href":"https:\/\/lahora.mx\/index.php\/wp-json\/wp\/v2\/categories?post=81972"},{"taxonomy":"post_tag","embeddable":true,"href":"https:\/\/lahora.mx\/index.php\/wp-json\/wp\/v2\/tags?post=81972"}],"curies":[{"name":"wp","href":"https:\/\/api.w.org\/{rel}","templated":true}]}}