{"id":81966,"date":"2026-04-30T17:03:40","date_gmt":"2026-04-30T17:03:40","guid":{"rendered":"https:\/\/lahora.mx\/?p=81966"},"modified":"2026-04-30T17:03:41","modified_gmt":"2026-04-30T17:03:41","slug":"puebla-sera-sede-del-tianguis-turistico-2027","status":"publish","type":"post","link":"https:\/\/lahora.mx\/index.php\/2026\/04\/30\/puebla-sera-sede-del-tianguis-turistico-2027\/","title":{"rendered":"Puebla ser\u00e1 sede del Tianguis Tur\u00edstico 2027"},"content":{"rendered":"\n<p>Puebla recibi\u00f3 la estafeta para albergar el Tianguis Tur\u00edstico 2027, consolid\u00e1ndose como uno de los destinos m\u00e1s relevantes y competitivos del pa\u00eds en materia tur\u00edstica. Asimismo, la entidad tuvo una destacada participaci\u00f3n en la edici\u00f3n 2026 de este importante encuentro, que se llev\u00f3 a cabo en Acapulco.<\/p>\n\n\n\n<p>En este contexto, el gobernador Alejandro Armenta Mier recibi\u00f3 oficialmente la designaci\u00f3n que confirma a Puebla como sede del evento en abril de 2027. Este hecho marcar\u00e1 la segunda ocasi\u00f3n en la historia en que el estado albergue el Tianguis Tur\u00edstico, luego de haber sido anfitri\u00f3n en su edici\u00f3n de 2013.<br>El recinto principal ser\u00e1 el Centro Expositor de Puebla, ubicado en la emblem\u00e1tica zona de Los Fuertes, el cual cuenta con una capacidad superior a los 40 mil metros cuadrados, lo que permitir\u00e1 recibir a miles de visitantes, expositores y representantes de la industria tur\u00edstica nacional e internacional.<\/p>\n\n\n\n<p>La designaci\u00f3n de Puebla como sede se logr\u00f3 tras imponerse a otras entidades como Guanajuato, Nuevo Le\u00f3n, Ciudad de M\u00e9xico y Veracruz, lo que refleja la fortaleza de su infraestructura, conectividad y oferta tur\u00edstica integral.<\/p>\n\n\n\n<p>Durante su participaci\u00f3n en el Tianguis Tur\u00edstico 2026, Puebla promovi\u00f3 su riqueza cultural, hist\u00f3rica, gastron\u00f3mica y su oferta contempor\u00e1nea, afirm\u00f3 el secretario de Econom\u00eda y Turismo municipal, Jaime Oropeza Casas, quien, junto a autoridades estatales, turoperadores y representantes de Pueblos M\u00e1gicos, fortalecieron la presencia de la capital y el estado en este escaparate.<\/p>\n\n\n\n<p>Como resultado, la entidad poblana fue reconocida como el mejor estado para disfrutar su cocina regional y contempor\u00e1nea, destacando frente a entidades con gran tradici\u00f3n gastron\u00f3mica como Oaxaca y Michoac\u00e1n.<\/p>\n","protected":false},"excerpt":{"rendered":"<p>Puebla recibi\u00f3 la estafeta para albergar el Tianguis Tur\u00edstico 2027, consolid\u00e1ndose como uno de los destinos m\u00e1s relevantes y competitivos del pa\u00eds en materia tur\u00edstica. Asimismo, la entidad tuvo una destacada participaci\u00f3n en la edici\u00f3n 2026 de este importante encuentro, que se llev\u00f3 a cabo en Acapulco. En este contexto, el gobernador Alejandro Armenta Mier [&hellip;]<\/p>\n","protected":false},"author":1,"featured_media":81967,"comment_status":"open","ping_status":"open","sticky":false,"template":"","format":"standard","meta":{"om_disable_all_campaigns":false,"_monsterinsights_skip_tracking":false,"_monsterinsights_sitenote_active":false,"_monsterinsights_sitenote_note":"","_monsterinsights_sitenote_category":0,"footnotes":""},"categories":[175],"tags":[239,223],"class_list":["post-81966","post","type-post","status-publish","format-standard","has-post-thumbnail","hentry","category-local","tag-gobierno","tag-puebla"],"amp_enabled":true,"_links":{"self":[{"href":"https:\/\/lahora.mx\/index.php\/wp-json\/wp\/v2\/posts\/81966","targetHints":{"allow":["GET"]}}],"collection":[{"href":"https:\/\/lahora.mx\/index.php\/wp-json\/wp\/v2\/posts"}],"about":[{"href":"https:\/\/lahora.mx\/index.php\/wp-json\/wp\/v2\/types\/post"}],"author":[{"embeddable":true,"href":"https:\/\/lahora.mx\/index.php\/wp-json\/wp\/v2\/users\/1"}],"replies":[{"embeddable":true,"href":"https:\/\/lahora.mx\/index.php\/wp-json\/wp\/v2\/comments?post=81966"}],"version-history":[{"count":1,"href":"https:\/\/lahora.mx\/index.php\/wp-json\/wp\/v2\/posts\/81966\/revisions"}],"predecessor-version":[{"id":81968,"href":"https:\/\/lahora.mx\/index.php\/wp-json\/wp\/v2\/posts\/81966\/revisions\/81968"}],"wp:featuredmedia":[{"embeddable":true,"href":"https:\/\/lahora.mx\/index.php\/wp-json\/wp\/v2\/media\/81967"}],"wp:attachment":[{"href":"https:\/\/lahora.mx\/index.php\/wp-json\/wp\/v2\/media?parent=81966"}],"wp:term":[{"taxonomy":"category","embeddable":true,"href":"https:\/\/lahora.mx\/index.php\/wp-json\/wp\/v2\/categories?post=81966"},{"taxonomy":"post_tag","embeddable":true,"href":"https:\/\/lahora.mx\/index.php\/wp-json\/wp\/v2\/tags?post=81966"}],"curies":[{"name":"wp","href":"https:\/\/api.w.org\/{rel}","templated":true}]}}