{"id":81960,"date":"2026-04-30T15:36:10","date_gmt":"2026-04-30T15:36:10","guid":{"rendered":"https:\/\/lahora.mx\/?p=81960"},"modified":"2026-04-30T15:47:04","modified_gmt":"2026-04-30T15:47:04","slug":"domo-de-calor-afectara-a-puebla-con-ambiente-seco-y-sin-lluvias","status":"publish","type":"post","link":"https:\/\/lahora.mx\/index.php\/2026\/04\/30\/domo-de-calor-afectara-a-puebla-con-ambiente-seco-y-sin-lluvias\/","title":{"rendered":"Domo de calor afectar\u00e1 a Puebla con ambiente seco y sin lluvias: prep\u00e1rate"},"content":{"rendered":"\n<p>El estado de Puebla, incluyendo su capital, est\u00e1 lidiando con los efectos de una fuerte ola de calor causada por un fen\u00f3meno atmosf\u00e9rico llamado \u201cdomo de calor\u201d, que mantendr\u00e1 altas temperaturas, un ambiente seco y poca circulaci\u00f3n de viento en los pr\u00f3ximos d\u00edas.<\/p>\n\n\n\n<p>Seg\u00fan informes del Servicio Meteorol\u00f3gico Nacional, este sistema de alta presi\u00f3n en niveles medios de la atm\u00f3sfera abarca gran parte del pa\u00eds, lo que provoca que el aire caliente quede atrapado y se haga m\u00e1s intenso. En Puebla, esto significar\u00e1 temperaturas que podr\u00edan sobrepasar los 30 grados Celsius, con una sensaci\u00f3n t\u00e9rmica m\u00e1s alta debido a la baja humedad y la falta de corrientes de aire.<\/p>\n\n\n\n<p>El fen\u00f3meno act\u00faa como una especie de \u201cc\u00fapula\u201d que bloquea la entrada de frentes fr\u00edos o lluvias, creando condiciones estables y cielos despejados. Adem\u00e1s, la compresi\u00f3n del aire caliente aumenta a\u00fan m\u00e1s el calor, lo que extiende la duraci\u00f3n de estos d\u00edas agobiantes.<\/p>\n\n\n\n<p>En \u00e1reas urbanas como la capital poblana, el efecto puede ser m\u00e1s fuerte, pues la acumulaci\u00f3n de contaminantes y la radiaci\u00f3n solar empeoran la calidad del aire. Esto representa un riesgo adicional para la salud, especialmente en ni\u00f1os, ancianos y personas con problemas respiratorios.<\/p>\n\n\n\n<p>Expertos advierten que estos eventos son cada vez m\u00e1s comunes debido al cambio clim\u00e1tico. Ante esta situaci\u00f3n, las autoridades aconsejan mantenerse hidratado, evitar la exposici\u00f3n prolongada al sol y usar ropa ligera para disminuir el riesgo de golpes de calor.<\/p>\n","protected":false},"excerpt":{"rendered":"<p>El estado de Puebla, incluyendo su capital, est\u00e1 lidiando con los efectos de una fuerte ola de calor causada por un fen\u00f3meno atmosf\u00e9rico llamado \u201cdomo de calor\u201d, que mantendr\u00e1 altas temperaturas, un ambiente seco y poca circulaci\u00f3n de viento en los pr\u00f3ximos d\u00edas. Seg\u00fan informes del Servicio Meteorol\u00f3gico Nacional, este sistema de alta presi\u00f3n en [&hellip;]<\/p>\n","protected":false},"author":1,"featured_media":81965,"comment_status":"open","ping_status":"open","sticky":false,"template":"","format":"standard","meta":{"om_disable_all_campaigns":false,"_monsterinsights_skip_tracking":false,"_monsterinsights_sitenote_active":false,"_monsterinsights_sitenote_note":"","_monsterinsights_sitenote_category":0,"footnotes":""},"categories":[175],"tags":[195,223],"class_list":["post-81960","post","type-post","status-publish","format-standard","has-post-thumbnail","hentry","category-local","tag-principal","tag-puebla"],"amp_enabled":true,"_links":{"self":[{"href":"https:\/\/lahora.mx\/index.php\/wp-json\/wp\/v2\/posts\/81960","targetHints":{"allow":["GET"]}}],"collection":[{"href":"https:\/\/lahora.mx\/index.php\/wp-json\/wp\/v2\/posts"}],"about":[{"href":"https:\/\/lahora.mx\/index.php\/wp-json\/wp\/v2\/types\/post"}],"author":[{"embeddable":true,"href":"https:\/\/lahora.mx\/index.php\/wp-json\/wp\/v2\/users\/1"}],"replies":[{"embeddable":true,"href":"https:\/\/lahora.mx\/index.php\/wp-json\/wp\/v2\/comments?post=81960"}],"version-history":[{"count":2,"href":"https:\/\/lahora.mx\/index.php\/wp-json\/wp\/v2\/posts\/81960\/revisions"}],"predecessor-version":[{"id":81964,"href":"https:\/\/lahora.mx\/index.php\/wp-json\/wp\/v2\/posts\/81960\/revisions\/81964"}],"wp:featuredmedia":[{"embeddable":true,"href":"https:\/\/lahora.mx\/index.php\/wp-json\/wp\/v2\/media\/81965"}],"wp:attachment":[{"href":"https:\/\/lahora.mx\/index.php\/wp-json\/wp\/v2\/media?parent=81960"}],"wp:term":[{"taxonomy":"category","embeddable":true,"href":"https:\/\/lahora.mx\/index.php\/wp-json\/wp\/v2\/categories?post=81960"},{"taxonomy":"post_tag","embeddable":true,"href":"https:\/\/lahora.mx\/index.php\/wp-json\/wp\/v2\/tags?post=81960"}],"curies":[{"name":"wp","href":"https:\/\/api.w.org\/{rel}","templated":true}]}}